{"id":5287,"date":"2024-11-10T01:42:48","date_gmt":"2024-11-10T01:42:48","guid":{"rendered":"https:\/\/expoalfa.com.ar\/alfalfa\/?p=5287"},"modified":"2024-11-10T11:46:18","modified_gmt":"2024-11-10T11:46:18","slug":"la-lupa-en-la-reina-de-las-forrajeras","status":"publish","type":"post","link":"https:\/\/expoalfa.com.ar\/alfalfa\/la-lupa-en-la-reina-de-las-forrajeras\/","title":{"rendered":"La lupa en la \u201creina de las forrajeras\u201d"},"content":{"rendered":"<p>A d\u00edas de que inicie una nueva edici\u00f3n de ExpoAlfa, las expectativas aumentan. As\u00ed lo manifest\u00f3 Jos\u00e9 Jauregui a nuestro medio al ser consultado sobre lo que ser\u00e1 la muestra los d\u00edas 13 y 14 de noviembre en Esperanza, Santa Fe.<\/p><p>El profesor Adjunto de la C\u00e1tedra de Forrajes de la Facultad de Ciencias Agrarias de la UNL manifest\u00f3: \u201ces un gran placer y un honor poder ser parte del equipo que est\u00e1 armando esta Expo Alfa 2024\u201d.<\/p><p>\u201cVa a haber una diversidad muy grande de temas y vamos a estar trabajando sobre distintos ejes, va a haber tem\u00e1ticas bien diversas, pero siempre con el foco en la alfalfa como la reina de las forrajeras\u201d, apunt\u00f3.<\/p><p>El amplio programa abordar\u00e1 desde potenciales productivos hasta c\u00f3mo maximizar el consumo, pasando por avances gen\u00e9ticos, conservaci\u00f3n. Con un panorama diverso, el objetivo es que productores, t\u00e9cnicos, catedr\u00e1ticos, tengan un espacio para debatir y generar espacios <em>de conversaci\u00f3n sobre la alfalfa.<\/em><\/p><p>Esta propuesta, lo encuentra a Jauregui con dos charlas. La primera ser\u00e1 en el auditorio mayor, dentro del programa principal donde hablar\u00e1 sobre \u201cBrechas productivas en alfalfa\u201d, pero tambi\u00e9n este ingeniero agr\u00f3nomo con un amplio recorrido ser\u00e1 parte de las charlas que se dar\u00e1n en las jornadas para estudiantes. All\u00ed, el tema que expondr\u00e1 ser\u00e1 \u201cProducci\u00f3n y aprovechamiento de alfalfa para maximizar la producci\u00f3n\u201d.<\/p><p>Cabe destacar que la regi\u00f3n donde se desarrollar\u00e1 ExpoAlfa se encuentra dentro de la cuenca Santa Fe Centro que es \u201cuna de las cuencas lecheras m\u00e1s importantes del pa\u00eds y la base de la producci\u00f3n de leche y la base de la producci\u00f3n tambi\u00e9n de algunos sistemas de carne est\u00e1 en el pasto y el pasto mayormente representado por la alfalfa\u201d, sostuvo y agreg\u00f3: \u201ccreemos que es una jornada que va a ser de mucha relevancia para productores, no solamente de esta zona sino de otras regiones del pa\u00eds\u201d.<\/p><p>Para cerrar, analiz\u00f3 que ser\u00e1 un bueno momento para empezar tambi\u00e9n a pensar de aqu\u00ed hacia adelante cu\u00e1les son los desaf\u00edos productivos y c\u00f3mo maximizar la producci\u00f3n, pero sobre todo c\u00f3mo apuntar a hacer m\u00e1s sostenibles los sistemas productivos tanto de producci\u00f3n de leche como de producci\u00f3n de carne\u201d.<\/p>","protected":false},"excerpt":{"rendered":"<p>En el marco de ExpoAlfa dialogamos con Jos\u00e9 Jauregui, profesor adjunto de la C\u00e1tedra de Forrajes de la Facultad de Ciencias Agrarias de la UNL. Se mostr\u00f3 expectante y valor\u00f3 lo que suceder\u00e1 los d\u00edas 13 y 14 de noviembre en la megamuestra.<\/p>\n","protected":false},"author":2,"featured_media":5319,"comment_status":"open","ping_status":"open","sticky":false,"template":"","format":"standard","meta":{"footnotes":""},"categories":[12],"tags":[11,6,5,10,9,7,8],"class_list":["post-5287","post","type-post","status-publish","format-standard","has-post-thumbnail","hentry","category-expo","tag-alfalfa","tag-esperanza","tag-expoalfa-2024","tag-forrajes","tag-heno","tag-novedades","tag-produccion"],"yoast_head":"<!-- This site is optimized with the Yoast SEO plugin v25.1 - https:\/\/yoast.com\/wordpress\/plugins\/seo\/ -->\n<title>La lupa en la \u201creina de las forrajeras\u201d - ExpoAlfa Jornada 2025<\/title>\n<meta name=\"robots\" content=\"index, follow, max-snippet:-1, max-image-preview:large, max-video-preview:-1\" \/>\n<link rel=\"canonical\" href=\"https:\/\/expoalfa.com.ar\/alfalfa\/la-lupa-en-la-reina-de-las-forrajeras\/\" \/>\n<meta property=\"og:locale\" content=\"es_ES\" \/>\n<meta property=\"og:type\" content=\"article\" \/>\n<meta property=\"og:title\" content=\"La lupa en la \u201creina de las forrajeras\u201d - ExpoAlfa Jornada 2025\" \/>\n<meta property=\"og:description\" content=\"En el marco de ExpoAlfa dialogamos con Jos\u00e9 Jauregui, profesor adjunto de la C\u00e1tedra de Forrajes de la Facultad de Ciencias Agrarias de la UNL. Se mostr\u00f3 expectante y valor\u00f3 lo que suceder\u00e1 los d\u00edas 13 y 14 de noviembre en la megamuestra.\" \/>\n<meta property=\"og:url\" content=\"https:\/\/expoalfa.com.ar\/alfalfa\/la-lupa-en-la-reina-de-las-forrajeras\/\" \/>\n<meta property=\"og:site_name\" content=\"ExpoAlfa Jornada 2025\" \/>\n<meta property=\"article:publisher\" content=\"https:\/\/www.facebook.com\/expoalfa\/\" \/>\n<meta property=\"article:published_time\" content=\"2024-11-10T01:42:48+00:00\" \/>\n<meta property=\"article:modified_time\" content=\"2024-11-10T11:46:18+00:00\" \/>\n<meta property=\"og:image\" content=\"https:\/\/expoalfa.com.ar\/alfalfa\/wp-content\/uploads\/2024\/11\/Jose-Jauregui.jpg\" \/>\n\t<meta property=\"og:image:width\" content=\"967\" \/>\n\t<meta property=\"og:image:height\" content=\"516\" \/>\n\t<meta property=\"og:image:type\" content=\"image\/jpeg\" \/>\n<meta name=\"author\" content=\"c1381075\" \/>\n<meta name=\"twitter:card\" content=\"summary_large_image\" \/>\n<meta name=\"twitter:label1\" content=\"Escrito por\" \/>\n\t<meta name=\"twitter:data1\" content=\"c1381075\" \/>\n\t<meta name=\"twitter:label2\" content=\"Tiempo de lectura\" \/>\n\t<meta name=\"twitter:data2\" content=\"2 minutos\" \/>\n<script type=\"application\/ld+json\" class=\"yoast-schema-graph\">{\"@context\":\"https:\/\/schema.org\",\"@graph\":[{\"@type\":\"Article\",\"@id\":\"https:\/\/expoalfa.com.ar\/alfalfa\/la-lupa-en-la-reina-de-las-forrajeras\/#article\",\"isPartOf\":{\"@id\":\"https:\/\/expoalfa.com.ar\/alfalfa\/la-lupa-en-la-reina-de-las-forrajeras\/\"},\"author\":{\"name\":\"c1381075\",\"@id\":\"https:\/\/expoalfa.com.ar\/alfalfa\/#\/schema\/person\/60508db5a29f1787249735fb7f395e69\"},\"headline\":\"La lupa en la \u201creina de las forrajeras\u201d\",\"datePublished\":\"2024-11-10T01:42:48+00:00\",\"dateModified\":\"2024-11-10T11:46:18+00:00\",\"mainEntityOfPage\":{\"@id\":\"https:\/\/expoalfa.com.ar\/alfalfa\/la-lupa-en-la-reina-de-las-forrajeras\/\"},\"wordCount\":396,\"commentCount\":0,\"publisher\":{\"@id\":\"https:\/\/expoalfa.com.ar\/alfalfa\/#organization\"},\"image\":{\"@id\":\"https:\/\/expoalfa.com.ar\/alfalfa\/la-lupa-en-la-reina-de-las-forrajeras\/#primaryimage\"},\"thumbnailUrl\":\"https:\/\/expoalfa.com.ar\/alfalfa\/wp-content\/uploads\/2024\/11\/Jose-Jauregui.jpg\",\"keywords\":[\"Alfalfa\",\"Esperanza\",\"ExpoAlfa 2024\",\"Forrajes\",\"Heno\",\"Novedades\",\"Producci\u00f3n\"],\"articleSection\":[\"Expo\"],\"inLanguage\":\"es\",\"potentialAction\":[{\"@type\":\"CommentAction\",\"name\":\"Comment\",\"target\":[\"https:\/\/expoalfa.com.ar\/alfalfa\/la-lupa-en-la-reina-de-las-forrajeras\/#respond\"]}]},{\"@type\":\"WebPage\",\"@id\":\"https:\/\/expoalfa.com.ar\/alfalfa\/la-lupa-en-la-reina-de-las-forrajeras\/\",\"url\":\"https:\/\/expoalfa.com.ar\/alfalfa\/la-lupa-en-la-reina-de-las-forrajeras\/\",\"name\":\"La lupa en la \u201creina de las forrajeras\u201d - ExpoAlfa Jornada 2025\",\"isPartOf\":{\"@id\":\"https:\/\/expoalfa.com.ar\/alfalfa\/#website\"},\"primaryImageOfPage\":{\"@id\":\"https:\/\/expoalfa.com.ar\/alfalfa\/la-lupa-en-la-reina-de-las-forrajeras\/#primaryimage\"},\"image\":{\"@id\":\"https:\/\/expoalfa.com.ar\/alfalfa\/la-lupa-en-la-reina-de-las-forrajeras\/#primaryimage\"},\"thumbnailUrl\":\"https:\/\/expoalfa.com.ar\/alfalfa\/wp-content\/uploads\/2024\/11\/Jose-Jauregui.jpg\",\"datePublished\":\"2024-11-10T01:42:48+00:00\",\"dateModified\":\"2024-11-10T11:46:18+00:00\",\"breadcrumb\":{\"@id\":\"https:\/\/expoalfa.com.ar\/alfalfa\/la-lupa-en-la-reina-de-las-forrajeras\/#breadcrumb\"},\"inLanguage\":\"es\",\"potentialAction\":[{\"@type\":\"ReadAction\",\"target\":[\"https:\/\/expoalfa.com.ar\/alfalfa\/la-lupa-en-la-reina-de-las-forrajeras\/\"]}]},{\"@type\":\"ImageObject\",\"inLanguage\":\"es\",\"@id\":\"https:\/\/expoalfa.com.ar\/alfalfa\/la-lupa-en-la-reina-de-las-forrajeras\/#primaryimage\",\"url\":\"https:\/\/expoalfa.com.ar\/alfalfa\/wp-content\/uploads\/2024\/11\/Jose-Jauregui.jpg\",\"contentUrl\":\"https:\/\/expoalfa.com.ar\/alfalfa\/wp-content\/uploads\/2024\/11\/Jose-Jauregui.jpg\",\"width\":967,\"height\":516},{\"@type\":\"BreadcrumbList\",\"@id\":\"https:\/\/expoalfa.com.ar\/alfalfa\/la-lupa-en-la-reina-de-las-forrajeras\/#breadcrumb\",\"itemListElement\":[{\"@type\":\"ListItem\",\"position\":1,\"name\":\"Portada\",\"item\":\"https:\/\/expoalfa.com.ar\/alfalfa\/\"},{\"@type\":\"ListItem\",\"position\":2,\"name\":\"La lupa en la \u201creina de las forrajeras\u201d\"}]},{\"@type\":\"WebSite\",\"@id\":\"https:\/\/expoalfa.com.ar\/alfalfa\/#website\",\"url\":\"https:\/\/expoalfa.com.ar\/alfalfa\/\",\"name\":\"ExpoAlfa 2024\",\"description\":\"\",\"publisher\":{\"@id\":\"https:\/\/expoalfa.com.ar\/alfalfa\/#organization\"},\"potentialAction\":[{\"@type\":\"SearchAction\",\"target\":{\"@type\":\"EntryPoint\",\"urlTemplate\":\"https:\/\/expoalfa.com.ar\/alfalfa\/?s={search_term_string}\"},\"query-input\":{\"@type\":\"PropertyValueSpecification\",\"valueRequired\":true,\"valueName\":\"search_term_string\"}}],\"inLanguage\":\"es\"},{\"@type\":\"Organization\",\"@id\":\"https:\/\/expoalfa.com.ar\/alfalfa\/#organization\",\"name\":\"ExpoAlfa 2024\",\"url\":\"https:\/\/expoalfa.com.ar\/alfalfa\/\",\"logo\":{\"@type\":\"ImageObject\",\"inLanguage\":\"es\",\"@id\":\"https:\/\/expoalfa.com.ar\/alfalfa\/#\/schema\/logo\/image\/\",\"url\":\"https:\/\/expoalfa.com.ar\/alfalfa\/wp-content\/uploads\/2024\/05\/cropped-Mesa-de-trabajo-32-e1716558195280.png\",\"contentUrl\":\"https:\/\/expoalfa.com.ar\/alfalfa\/wp-content\/uploads\/2024\/05\/cropped-Mesa-de-trabajo-32-e1716558195280.png\",\"width\":512,\"height\":512,\"caption\":\"ExpoAlfa 2024\"},\"image\":{\"@id\":\"https:\/\/expoalfa.com.ar\/alfalfa\/#\/schema\/logo\/image\/\"},\"sameAs\":[\"https:\/\/www.facebook.com\/expoalfa\/\",\"https:\/\/www.instagram.com\/expoalfa\",\"https:\/\/www.youtube.com\/@TodoAlfalfa\"]},{\"@type\":\"Person\",\"@id\":\"https:\/\/expoalfa.com.ar\/alfalfa\/#\/schema\/person\/60508db5a29f1787249735fb7f395e69\",\"name\":\"c1381075\",\"image\":{\"@type\":\"ImageObject\",\"inLanguage\":\"es\",\"@id\":\"https:\/\/expoalfa.com.ar\/alfalfa\/#\/schema\/person\/image\/\",\"url\":\"https:\/\/secure.gravatar.com\/avatar\/53d9cdf8eef2f7ba8c38ed47b72c54cf5395a169ee26ff1592cae5aea669a0d3?s=96&d=mm&r=g\",\"contentUrl\":\"https:\/\/secure.gravatar.com\/avatar\/53d9cdf8eef2f7ba8c38ed47b72c54cf5395a169ee26ff1592cae5aea669a0d3?s=96&d=mm&r=g\",\"caption\":\"c1381075\"},\"url\":\"https:\/\/expoalfa.com.ar\/alfalfa\/author\/c1381075\/\"}]}<\/script>\n<!-- \/ Yoast SEO plugin. -->","yoast_head_json":{"title":"La lupa en la \u201creina de las forrajeras\u201d - ExpoAlfa Jornada 2025","robots":{"index":"index","follow":"follow","max-snippet":"max-snippet:-1","max-image-preview":"max-image-preview:large","max-video-preview":"max-video-preview:-1"},"canonical":"https:\/\/expoalfa.com.ar\/alfalfa\/la-lupa-en-la-reina-de-las-forrajeras\/","og_locale":"es_ES","og_type":"article","og_title":"La lupa en la \u201creina de las forrajeras\u201d - ExpoAlfa Jornada 2025","og_description":"En el marco de ExpoAlfa dialogamos con Jos\u00e9 Jauregui, profesor adjunto de la C\u00e1tedra de Forrajes de la Facultad de Ciencias Agrarias de la UNL. Se mostr\u00f3 expectante y valor\u00f3 lo que suceder\u00e1 los d\u00edas 13 y 14 de noviembre en la megamuestra.","og_url":"https:\/\/expoalfa.com.ar\/alfalfa\/la-lupa-en-la-reina-de-las-forrajeras\/","og_site_name":"ExpoAlfa Jornada 2025","article_publisher":"https:\/\/www.facebook.com\/expoalfa\/","article_published_time":"2024-11-10T01:42:48+00:00","article_modified_time":"2024-11-10T11:46:18+00:00","og_image":[{"width":967,"height":516,"url":"https:\/\/expoalfa.com.ar\/alfalfa\/wp-content\/uploads\/2024\/11\/Jose-Jauregui.jpg","type":"image\/jpeg"}],"author":"c1381075","twitter_card":"summary_large_image","twitter_misc":{"Escrito por":"c1381075","Tiempo de lectura":"2 minutos"},"schema":{"@context":"https:\/\/schema.org","@graph":[{"@type":"Article","@id":"https:\/\/expoalfa.com.ar\/alfalfa\/la-lupa-en-la-reina-de-las-forrajeras\/#article","isPartOf":{"@id":"https:\/\/expoalfa.com.ar\/alfalfa\/la-lupa-en-la-reina-de-las-forrajeras\/"},"author":{"name":"c1381075","@id":"https:\/\/expoalfa.com.ar\/alfalfa\/#\/schema\/person\/60508db5a29f1787249735fb7f395e69"},"headline":"La lupa en la \u201creina de las forrajeras\u201d","datePublished":"2024-11-10T01:42:48+00:00","dateModified":"2024-11-10T11:46:18+00:00","mainEntityOfPage":{"@id":"https:\/\/expoalfa.com.ar\/alfalfa\/la-lupa-en-la-reina-de-las-forrajeras\/"},"wordCount":396,"commentCount":0,"publisher":{"@id":"https:\/\/expoalfa.com.ar\/alfalfa\/#organization"},"image":{"@id":"https:\/\/expoalfa.com.ar\/alfalfa\/la-lupa-en-la-reina-de-las-forrajeras\/#primaryimage"},"thumbnailUrl":"https:\/\/expoalfa.com.ar\/alfalfa\/wp-content\/uploads\/2024\/11\/Jose-Jauregui.jpg","keywords":["Alfalfa","Esperanza","ExpoAlfa 2024","Forrajes","Heno","Novedades","Producci\u00f3n"],"articleSection":["Expo"],"inLanguage":"es","potentialAction":[{"@type":"CommentAction","name":"Comment","target":["https:\/\/expoalfa.com.ar\/alfalfa\/la-lupa-en-la-reina-de-las-forrajeras\/#respond"]}]},{"@type":"WebPage","@id":"https:\/\/expoalfa.com.ar\/alfalfa\/la-lupa-en-la-reina-de-las-forrajeras\/","url":"https:\/\/expoalfa.com.ar\/alfalfa\/la-lupa-en-la-reina-de-las-forrajeras\/","name":"La lupa en la \u201creina de las forrajeras\u201d - ExpoAlfa Jornada 2025","isPartOf":{"@id":"https:\/\/expoalfa.com.ar\/alfalfa\/#website"},"primaryImageOfPage":{"@id":"https:\/\/expoalfa.com.ar\/alfalfa\/la-lupa-en-la-reina-de-las-forrajeras\/#primaryimage"},"image":{"@id":"https:\/\/expoalfa.com.ar\/alfalfa\/la-lupa-en-la-reina-de-las-forrajeras\/#primaryimage"},"thumbnailUrl":"https:\/\/expoalfa.com.ar\/alfalfa\/wp-content\/uploads\/2024\/11\/Jose-Jauregui.jpg","datePublished":"2024-11-10T01:42:48+00:00","dateModified":"2024-11-10T11:46:18+00:00","breadcrumb":{"@id":"https:\/\/expoalfa.com.ar\/alfalfa\/la-lupa-en-la-reina-de-las-forrajeras\/#breadcrumb"},"inLanguage":"es","potentialAction":[{"@type":"ReadAction","target":["https:\/\/expoalfa.com.ar\/alfalfa\/la-lupa-en-la-reina-de-las-forrajeras\/"]}]},{"@type":"ImageObject","inLanguage":"es","@id":"https:\/\/expoalfa.com.ar\/alfalfa\/la-lupa-en-la-reina-de-las-forrajeras\/#primaryimage","url":"https:\/\/expoalfa.com.ar\/alfalfa\/wp-content\/uploads\/2024\/11\/Jose-Jauregui.jpg","contentUrl":"https:\/\/expoalfa.com.ar\/alfalfa\/wp-content\/uploads\/2024\/11\/Jose-Jauregui.jpg","width":967,"height":516},{"@type":"BreadcrumbList","@id":"https:\/\/expoalfa.com.ar\/alfalfa\/la-lupa-en-la-reina-de-las-forrajeras\/#breadcrumb","itemListElement":[{"@type":"ListItem","position":1,"name":"Portada","item":"https:\/\/expoalfa.com.ar\/alfalfa\/"},{"@type":"ListItem","position":2,"name":"La lupa en la \u201creina de las forrajeras\u201d"}]},{"@type":"WebSite","@id":"https:\/\/expoalfa.com.ar\/alfalfa\/#website","url":"https:\/\/expoalfa.com.ar\/alfalfa\/","name":"ExpoAlfa 2024","description":"","publisher":{"@id":"https:\/\/expoalfa.com.ar\/alfalfa\/#organization"},"potentialAction":[{"@type":"SearchAction","target":{"@type":"EntryPoint","urlTemplate":"https:\/\/expoalfa.com.ar\/alfalfa\/?s={search_term_string}"},"query-input":{"@type":"PropertyValueSpecification","valueRequired":true,"valueName":"search_term_string"}}],"inLanguage":"es"},{"@type":"Organization","@id":"https:\/\/expoalfa.com.ar\/alfalfa\/#organization","name":"ExpoAlfa 2024","url":"https:\/\/expoalfa.com.ar\/alfalfa\/","logo":{"@type":"ImageObject","inLanguage":"es","@id":"https:\/\/expoalfa.com.ar\/alfalfa\/#\/schema\/logo\/image\/","url":"https:\/\/expoalfa.com.ar\/alfalfa\/wp-content\/uploads\/2024\/05\/cropped-Mesa-de-trabajo-32-e1716558195280.png","contentUrl":"https:\/\/expoalfa.com.ar\/alfalfa\/wp-content\/uploads\/2024\/05\/cropped-Mesa-de-trabajo-32-e1716558195280.png","width":512,"height":512,"caption":"ExpoAlfa 2024"},"image":{"@id":"https:\/\/expoalfa.com.ar\/alfalfa\/#\/schema\/logo\/image\/"},"sameAs":["https:\/\/www.facebook.com\/expoalfa\/","https:\/\/www.instagram.com\/expoalfa","https:\/\/www.youtube.com\/@TodoAlfalfa"]},{"@type":"Person","@id":"https:\/\/expoalfa.com.ar\/alfalfa\/#\/schema\/person\/60508db5a29f1787249735fb7f395e69","name":"c1381075","image":{"@type":"ImageObject","inLanguage":"es","@id":"https:\/\/expoalfa.com.ar\/alfalfa\/#\/schema\/person\/image\/","url":"https:\/\/secure.gravatar.com\/avatar\/53d9cdf8eef2f7ba8c38ed47b72c54cf5395a169ee26ff1592cae5aea669a0d3?s=96&d=mm&r=g","contentUrl":"https:\/\/secure.gravatar.com\/avatar\/53d9cdf8eef2f7ba8c38ed47b72c54cf5395a169ee26ff1592cae5aea669a0d3?s=96&d=mm&r=g","caption":"c1381075"},"url":"https:\/\/expoalfa.com.ar\/alfalfa\/author\/c1381075\/"}]}},"jetpack_featured_media_url":"https:\/\/expoalfa.com.ar\/alfalfa\/wp-content\/uploads\/2024\/11\/Jose-Jauregui.jpg","_links":{"self":[{"href":"https:\/\/expoalfa.com.ar\/alfalfa\/wp-json\/wp\/v2\/posts\/5287","targetHints":{"allow":["GET"]}}],"collection":[{"href":"https:\/\/expoalfa.com.ar\/alfalfa\/wp-json\/wp\/v2\/posts"}],"about":[{"href":"https:\/\/expoalfa.com.ar\/alfalfa\/wp-json\/wp\/v2\/types\/post"}],"author":[{"embeddable":true,"href":"https:\/\/expoalfa.com.ar\/alfalfa\/wp-json\/wp\/v2\/users\/2"}],"replies":[{"embeddable":true,"href":"https:\/\/expoalfa.com.ar\/alfalfa\/wp-json\/wp\/v2\/comments?post=5287"}],"version-history":[{"count":1,"href":"https:\/\/expoalfa.com.ar\/alfalfa\/wp-json\/wp\/v2\/posts\/5287\/revisions"}],"predecessor-version":[{"id":5289,"href":"https:\/\/expoalfa.com.ar\/alfalfa\/wp-json\/wp\/v2\/posts\/5287\/revisions\/5289"}],"wp:featuredmedia":[{"embeddable":true,"href":"https:\/\/expoalfa.com.ar\/alfalfa\/wp-json\/wp\/v2\/media\/5319"}],"wp:attachment":[{"href":"https:\/\/expoalfa.com.ar\/alfalfa\/wp-json\/wp\/v2\/media?parent=5287"}],"wp:term":[{"taxonomy":"category","embeddable":true,"href":"https:\/\/expoalfa.com.ar\/alfalfa\/wp-json\/wp\/v2\/categories?post=5287"},{"taxonomy":"post_tag","embeddable":true,"href":"https:\/\/expoalfa.com.ar\/alfalfa\/wp-json\/wp\/v2\/tags?post=5287"}],"curies":[{"name":"wp","href":"https:\/\/api.w.org\/{rel}","templated":true}]}}