{"id":5290,"date":"2024-11-10T01:46:23","date_gmt":"2024-11-10T01:46:23","guid":{"rendered":"https:\/\/expoalfa.com.ar\/alfalfa\/?p=5290"},"modified":"2024-11-11T16:36:50","modified_gmt":"2024-11-11T16:36:50","slug":"agvance-25-anos-siendo-parte-del-crecimiento-de-la-alfalfa-en-argentina","status":"publish","type":"post","link":"https:\/\/expoalfa.com.ar\/alfalfa\/agvance-25-anos-siendo-parte-del-crecimiento-de-la-alfalfa-en-argentina\/","title":{"rendered":"Agvance, 25 a\u00f1os siendo parte del crecimiento de la alfalfa en Argentina"},"content":{"rendered":"<p>ExpoAlfa ser\u00e1 un punto de encuentro para varios integrantes del sector que por diversos motivos no pudieron verse \u201ccara a cara\u201d tras la \u00faltima edici\u00f3n presencial de la Expo en 2019 (se hizo en 2021 pero virtual).<\/p><p>Es por ello que, las expectativas para muchos, son dobles. Es el caso de WL Agvance, que cuenta con un \u201cmotivo m\u00e1s\u201d, es que la empresa est\u00e1 cumpliendo 25 a\u00f1os y hace 20 que son distribuidores exclusivos de Alfalfas WL en Argentina.<\/p><p>En ese marco dialogamos con \u00c1ngel Pacheco, Gerente de la empresa, quien manifest\u00f3 que \u201ces un evento muy importante, queremos estar ah\u00ed presentes como siempre, pero esta vez como sponsor oro justamente remarcando el compromiso con todo el sector\u201d.<\/p><p>Valor\u00f3 a ExpoAlfa como \u201cun lugar de encuentro de todo el sector\u201d y rescat\u00f3 que se pueda realizar despu\u00e9s de \u201cmomentos duros como lo fueron la sequ\u00eda, que afect\u00f3 a productores lecheros y ganaderos\u201d.<\/p><p>Sobre el sector lechero puntalmente, con el que tiene un gran feedback, sostuvo que \u201ces un sector que redobla la apuesta de la inversi\u00f3n\u201d.<\/p><p>Apuestan a un stand con presencia: \u201cestamos muy entusiasmados, tratando de reflejar en nuestro stand la imagen que queremos transmitir en cuanto a calidad y tecnolog\u00eda, que es lo que nos identifica para recibir a productores, distribuidores\u201d.<\/p><p>Calific\u00f3 a las jornadas de \u201cmuy buena calidad\u201d remarcando los disertantes y los temas que se abordar\u00e1n. Con un panorama muy claro de lo que suceder\u00e1n las dos jornadas, remarc\u00f3 que \u201cel otro gran sector, que es la gran inc\u00f3gnita, y que puede ser algo muy interesante es el mercado internacional de heno, tema que ser\u00e1 tratado por el asesor Daniel Basigalup\u201d.<\/p><p>La gran pregunta (sin respuesta clara por ahora) que se hace Pacheco es sobre esa tem\u00e1tica. Aunque , entiende la gran oportunidad que se presenta para el sector, por la alta demanda. \u201cNosotros sentimos que estamos en el lugar que tenemos que estar\u201d, asegura, pero reconoce que \u201clos a\u00f1os pasados fueron duros, lo que hizo que mucha gente se haya relajado en cuanto a calidad, porque la alfalfa es una inversi\u00f3n de cuatro o cinco a\u00f1os o m\u00e1s, pero hubo gente que apretada por la situaci\u00f3n ha resignado calidad y eso se sufre durante varios a\u00f1os\u201d.<\/p><p>La expectativa aumenta porque estar\u00e1 la C\u00e1mara Argentina de Alfalfa junto al Cl\u00faster de Alfalfa de C\u00f3rdoba, y \u201ccon ellos vamos a tener oportunidad de charlar, analizar como ven ellos esta situaci\u00f3n, la perspectiva, la inversi\u00f3n\u201d.<\/p><p><strong>El heno, lo que puede cambiar la ecuaci\u00f3n<\/strong><\/p><p>Que la henificaci\u00f3n sea algo que \u201cresuene\u201d es importante para que \u201cllegue a los o\u00eddos de los que tiene que llegar\u201d. Es que \u201cla gran jugada, el cambio paradigm\u00e1tico puede ser el mercado de heno\u201d, para ello se necesita \u201cseguridad jur\u00eddica, posibilidad de proyecci\u00f3n, posibilidad de inversi\u00f3n\u201d.<\/p><p>Muy contento y con expectativa, cerr\u00f3 dejando en claro y mostrando seguridad: \u201cestamos en el lugar que tenemos que estar\u201d y agreg\u00f3: \u201ctenemos, para hablar de biotecnolog\u00eda con Harvxtra, que es el evento biotecnol\u00f3gico que est\u00e1 presente, que lo han adoptado los m\u00e1s avanzados productores\u201d.<\/p><p>Tambi\u00e9n destac\u00f3 la aceptaci\u00f3n del mercado en sus productos. \u201cTenemos hoy una variedad que es conocida, que es la WL922, una variedad totalmente adaptada a Argentina\u201d, tenemos lo convencional tenemos variedades nuevas, la revoluci\u00f3n de la Grupo 10, con productores que se est\u00e1n dando cuenta que, siempre y cuando tu sistema productivo te permita aprovecharlo, es una revoluci\u00f3n. Ha venido para mover la estanter\u00eda\u201d.<\/p><p>Valor\u00f3 la \u201cfidelidad del productor cuando te ve que vos le est\u00e1s poniendo calidad. Y calidad es la gen\u00e9tica, pero tambi\u00e9n es el tratamiento que le pones. Nosotros tenemos bioestimulantes en todas las semillas y todo hace a un combo que el productor lo ve en la persistencia, lo ve en el rendimiento\u201d.<\/p>","protected":false},"excerpt":{"rendered":"<p>La empresa est\u00e1 de fiesta y ser\u00e1 parte de ExpoAlfa. Con mucho entusiasmo y expectativas, apuntan al \u201creencuentro\u201d tras el parate post pandemia. \u00c1ngel Pacheco, Gerente de la empresa, dialog\u00f3 con TodoAlfalfa.<\/p>\n","protected":false},"author":2,"featured_media":5291,"comment_status":"open","ping_status":"open","sticky":false,"template":"","format":"standard","meta":{"footnotes":""},"categories":[12],"tags":[11,6,5,10,9,7,8],"class_list":["post-5290","post","type-post","status-publish","format-standard","has-post-thumbnail","hentry","category-expo","tag-alfalfa","tag-esperanza","tag-expoalfa-2024","tag-forrajes","tag-heno","tag-novedades","tag-produccion"],"yoast_head":"<!-- This site is optimized with the Yoast SEO plugin v25.1 - https:\/\/yoast.com\/wordpress\/plugins\/seo\/ -->\n<title>Agvance, 25 a\u00f1os siendo parte del crecimiento de la alfalfa en Argentina - ExpoAlfa Jornada 2025<\/title>\n<meta name=\"robots\" content=\"index, follow, max-snippet:-1, max-image-preview:large, max-video-preview:-1\" \/>\n<link rel=\"canonical\" href=\"https:\/\/expoalfa.com.ar\/alfalfa\/agvance-25-anos-siendo-parte-del-crecimiento-de-la-alfalfa-en-argentina\/\" \/>\n<meta property=\"og:locale\" content=\"es_ES\" \/>\n<meta property=\"og:type\" content=\"article\" \/>\n<meta property=\"og:title\" content=\"Agvance, 25 a\u00f1os siendo parte del crecimiento de la alfalfa en Argentina - ExpoAlfa Jornada 2025\" \/>\n<meta property=\"og:description\" content=\"La empresa est\u00e1 de fiesta y ser\u00e1 parte de ExpoAlfa. Con mucho entusiasmo y expectativas, apuntan al \u201creencuentro\u201d tras el parate post pandemia. \u00c1ngel Pacheco, Gerente de la empresa, dialog\u00f3 con TodoAlfalfa.\" \/>\n<meta property=\"og:url\" content=\"https:\/\/expoalfa.com.ar\/alfalfa\/agvance-25-anos-siendo-parte-del-crecimiento-de-la-alfalfa-en-argentina\/\" \/>\n<meta property=\"og:site_name\" content=\"ExpoAlfa Jornada 2025\" \/>\n<meta property=\"article:publisher\" content=\"https:\/\/www.facebook.com\/expoalfa\/\" \/>\n<meta property=\"article:published_time\" content=\"2024-11-10T01:46:23+00:00\" \/>\n<meta property=\"article:modified_time\" content=\"2024-11-11T16:36:50+00:00\" \/>\n<meta property=\"og:image\" content=\"https:\/\/expoalfa.com.ar\/alfalfa\/wp-content\/uploads\/2024\/11\/pacheco.jpg\" \/>\n\t<meta property=\"og:image:width\" content=\"1620\" \/>\n\t<meta property=\"og:image:height\" content=\"1080\" \/>\n\t<meta property=\"og:image:type\" content=\"image\/jpeg\" \/>\n<meta name=\"author\" content=\"c1381075\" \/>\n<meta name=\"twitter:card\" content=\"summary_large_image\" \/>\n<meta name=\"twitter:label1\" content=\"Escrito por\" \/>\n\t<meta name=\"twitter:data1\" content=\"c1381075\" \/>\n\t<meta name=\"twitter:label2\" content=\"Tiempo de lectura\" \/>\n\t<meta name=\"twitter:data2\" content=\"4 minutos\" \/>\n<script type=\"application\/ld+json\" class=\"yoast-schema-graph\">{\"@context\":\"https:\/\/schema.org\",\"@graph\":[{\"@type\":\"Article\",\"@id\":\"https:\/\/expoalfa.com.ar\/alfalfa\/agvance-25-anos-siendo-parte-del-crecimiento-de-la-alfalfa-en-argentina\/#article\",\"isPartOf\":{\"@id\":\"https:\/\/expoalfa.com.ar\/alfalfa\/agvance-25-anos-siendo-parte-del-crecimiento-de-la-alfalfa-en-argentina\/\"},\"author\":{\"name\":\"c1381075\",\"@id\":\"https:\/\/expoalfa.com.ar\/alfalfa\/#\/schema\/person\/60508db5a29f1787249735fb7f395e69\"},\"headline\":\"Agvance, 25 a\u00f1os siendo parte del crecimiento de la alfalfa en Argentina\",\"datePublished\":\"2024-11-10T01:46:23+00:00\",\"dateModified\":\"2024-11-11T16:36:50+00:00\",\"mainEntityOfPage\":{\"@id\":\"https:\/\/expoalfa.com.ar\/alfalfa\/agvance-25-anos-siendo-parte-del-crecimiento-de-la-alfalfa-en-argentina\/\"},\"wordCount\":671,\"commentCount\":0,\"publisher\":{\"@id\":\"https:\/\/expoalfa.com.ar\/alfalfa\/#organization\"},\"image\":{\"@id\":\"https:\/\/expoalfa.com.ar\/alfalfa\/agvance-25-anos-siendo-parte-del-crecimiento-de-la-alfalfa-en-argentina\/#primaryimage\"},\"thumbnailUrl\":\"https:\/\/expoalfa.com.ar\/alfalfa\/wp-content\/uploads\/2024\/11\/pacheco.jpg\",\"keywords\":[\"Alfalfa\",\"Esperanza\",\"ExpoAlfa 2024\",\"Forrajes\",\"Heno\",\"Novedades\",\"Producci\u00f3n\"],\"articleSection\":[\"Expo\"],\"inLanguage\":\"es\",\"potentialAction\":[{\"@type\":\"CommentAction\",\"name\":\"Comment\",\"target\":[\"https:\/\/expoalfa.com.ar\/alfalfa\/agvance-25-anos-siendo-parte-del-crecimiento-de-la-alfalfa-en-argentina\/#respond\"]}]},{\"@type\":\"WebPage\",\"@id\":\"https:\/\/expoalfa.com.ar\/alfalfa\/agvance-25-anos-siendo-parte-del-crecimiento-de-la-alfalfa-en-argentina\/\",\"url\":\"https:\/\/expoalfa.com.ar\/alfalfa\/agvance-25-anos-siendo-parte-del-crecimiento-de-la-alfalfa-en-argentina\/\",\"name\":\"Agvance, 25 a\u00f1os siendo parte del crecimiento de la alfalfa en Argentina - ExpoAlfa Jornada 2025\",\"isPartOf\":{\"@id\":\"https:\/\/expoalfa.com.ar\/alfalfa\/#website\"},\"primaryImageOfPage\":{\"@id\":\"https:\/\/expoalfa.com.ar\/alfalfa\/agvance-25-anos-siendo-parte-del-crecimiento-de-la-alfalfa-en-argentina\/#primaryimage\"},\"image\":{\"@id\":\"https:\/\/expoalfa.com.ar\/alfalfa\/agvance-25-anos-siendo-parte-del-crecimiento-de-la-alfalfa-en-argentina\/#primaryimage\"},\"thumbnailUrl\":\"https:\/\/expoalfa.com.ar\/alfalfa\/wp-content\/uploads\/2024\/11\/pacheco.jpg\",\"datePublished\":\"2024-11-10T01:46:23+00:00\",\"dateModified\":\"2024-11-11T16:36:50+00:00\",\"breadcrumb\":{\"@id\":\"https:\/\/expoalfa.com.ar\/alfalfa\/agvance-25-anos-siendo-parte-del-crecimiento-de-la-alfalfa-en-argentina\/#breadcrumb\"},\"inLanguage\":\"es\",\"potentialAction\":[{\"@type\":\"ReadAction\",\"target\":[\"https:\/\/expoalfa.com.ar\/alfalfa\/agvance-25-anos-siendo-parte-del-crecimiento-de-la-alfalfa-en-argentina\/\"]}]},{\"@type\":\"ImageObject\",\"inLanguage\":\"es\",\"@id\":\"https:\/\/expoalfa.com.ar\/alfalfa\/agvance-25-anos-siendo-parte-del-crecimiento-de-la-alfalfa-en-argentina\/#primaryimage\",\"url\":\"https:\/\/expoalfa.com.ar\/alfalfa\/wp-content\/uploads\/2024\/11\/pacheco.jpg\",\"contentUrl\":\"https:\/\/expoalfa.com.ar\/alfalfa\/wp-content\/uploads\/2024\/11\/pacheco.jpg\",\"width\":1620,\"height\":1080},{\"@type\":\"BreadcrumbList\",\"@id\":\"https:\/\/expoalfa.com.ar\/alfalfa\/agvance-25-anos-siendo-parte-del-crecimiento-de-la-alfalfa-en-argentina\/#breadcrumb\",\"itemListElement\":[{\"@type\":\"ListItem\",\"position\":1,\"name\":\"Portada\",\"item\":\"https:\/\/expoalfa.com.ar\/alfalfa\/\"},{\"@type\":\"ListItem\",\"position\":2,\"name\":\"Agvance, 25 a\u00f1os siendo parte del crecimiento de la alfalfa en Argentina\"}]},{\"@type\":\"WebSite\",\"@id\":\"https:\/\/expoalfa.com.ar\/alfalfa\/#website\",\"url\":\"https:\/\/expoalfa.com.ar\/alfalfa\/\",\"name\":\"ExpoAlfa 2024\",\"description\":\"\",\"publisher\":{\"@id\":\"https:\/\/expoalfa.com.ar\/alfalfa\/#organization\"},\"potentialAction\":[{\"@type\":\"SearchAction\",\"target\":{\"@type\":\"EntryPoint\",\"urlTemplate\":\"https:\/\/expoalfa.com.ar\/alfalfa\/?s={search_term_string}\"},\"query-input\":{\"@type\":\"PropertyValueSpecification\",\"valueRequired\":true,\"valueName\":\"search_term_string\"}}],\"inLanguage\":\"es\"},{\"@type\":\"Organization\",\"@id\":\"https:\/\/expoalfa.com.ar\/alfalfa\/#organization\",\"name\":\"ExpoAlfa 2024\",\"url\":\"https:\/\/expoalfa.com.ar\/alfalfa\/\",\"logo\":{\"@type\":\"ImageObject\",\"inLanguage\":\"es\",\"@id\":\"https:\/\/expoalfa.com.ar\/alfalfa\/#\/schema\/logo\/image\/\",\"url\":\"https:\/\/expoalfa.com.ar\/alfalfa\/wp-content\/uploads\/2024\/05\/cropped-Mesa-de-trabajo-32-e1716558195280.png\",\"contentUrl\":\"https:\/\/expoalfa.com.ar\/alfalfa\/wp-content\/uploads\/2024\/05\/cropped-Mesa-de-trabajo-32-e1716558195280.png\",\"width\":512,\"height\":512,\"caption\":\"ExpoAlfa 2024\"},\"image\":{\"@id\":\"https:\/\/expoalfa.com.ar\/alfalfa\/#\/schema\/logo\/image\/\"},\"sameAs\":[\"https:\/\/www.facebook.com\/expoalfa\/\",\"https:\/\/www.instagram.com\/expoalfa\",\"https:\/\/www.youtube.com\/@TodoAlfalfa\"]},{\"@type\":\"Person\",\"@id\":\"https:\/\/expoalfa.com.ar\/alfalfa\/#\/schema\/person\/60508db5a29f1787249735fb7f395e69\",\"name\":\"c1381075\",\"image\":{\"@type\":\"ImageObject\",\"inLanguage\":\"es\",\"@id\":\"https:\/\/expoalfa.com.ar\/alfalfa\/#\/schema\/person\/image\/\",\"url\":\"https:\/\/secure.gravatar.com\/avatar\/53d9cdf8eef2f7ba8c38ed47b72c54cf5395a169ee26ff1592cae5aea669a0d3?s=96&d=mm&r=g\",\"contentUrl\":\"https:\/\/secure.gravatar.com\/avatar\/53d9cdf8eef2f7ba8c38ed47b72c54cf5395a169ee26ff1592cae5aea669a0d3?s=96&d=mm&r=g\",\"caption\":\"c1381075\"},\"url\":\"https:\/\/expoalfa.com.ar\/alfalfa\/author\/c1381075\/\"}]}<\/script>\n<!-- \/ Yoast SEO plugin. -->","yoast_head_json":{"title":"Agvance, 25 a\u00f1os siendo parte del crecimiento de la alfalfa en Argentina - ExpoAlfa Jornada 2025","robots":{"index":"index","follow":"follow","max-snippet":"max-snippet:-1","max-image-preview":"max-image-preview:large","max-video-preview":"max-video-preview:-1"},"canonical":"https:\/\/expoalfa.com.ar\/alfalfa\/agvance-25-anos-siendo-parte-del-crecimiento-de-la-alfalfa-en-argentina\/","og_locale":"es_ES","og_type":"article","og_title":"Agvance, 25 a\u00f1os siendo parte del crecimiento de la alfalfa en Argentina - ExpoAlfa Jornada 2025","og_description":"La empresa est\u00e1 de fiesta y ser\u00e1 parte de ExpoAlfa. Con mucho entusiasmo y expectativas, apuntan al \u201creencuentro\u201d tras el parate post pandemia. \u00c1ngel Pacheco, Gerente de la empresa, dialog\u00f3 con TodoAlfalfa.","og_url":"https:\/\/expoalfa.com.ar\/alfalfa\/agvance-25-anos-siendo-parte-del-crecimiento-de-la-alfalfa-en-argentina\/","og_site_name":"ExpoAlfa Jornada 2025","article_publisher":"https:\/\/www.facebook.com\/expoalfa\/","article_published_time":"2024-11-10T01:46:23+00:00","article_modified_time":"2024-11-11T16:36:50+00:00","og_image":[{"width":1620,"height":1080,"url":"https:\/\/expoalfa.com.ar\/alfalfa\/wp-content\/uploads\/2024\/11\/pacheco.jpg","type":"image\/jpeg"}],"author":"c1381075","twitter_card":"summary_large_image","twitter_misc":{"Escrito por":"c1381075","Tiempo de lectura":"4 minutos"},"schema":{"@context":"https:\/\/schema.org","@graph":[{"@type":"Article","@id":"https:\/\/expoalfa.com.ar\/alfalfa\/agvance-25-anos-siendo-parte-del-crecimiento-de-la-alfalfa-en-argentina\/#article","isPartOf":{"@id":"https:\/\/expoalfa.com.ar\/alfalfa\/agvance-25-anos-siendo-parte-del-crecimiento-de-la-alfalfa-en-argentina\/"},"author":{"name":"c1381075","@id":"https:\/\/expoalfa.com.ar\/alfalfa\/#\/schema\/person\/60508db5a29f1787249735fb7f395e69"},"headline":"Agvance, 25 a\u00f1os siendo parte del crecimiento de la alfalfa en Argentina","datePublished":"2024-11-10T01:46:23+00:00","dateModified":"2024-11-11T16:36:50+00:00","mainEntityOfPage":{"@id":"https:\/\/expoalfa.com.ar\/alfalfa\/agvance-25-anos-siendo-parte-del-crecimiento-de-la-alfalfa-en-argentina\/"},"wordCount":671,"commentCount":0,"publisher":{"@id":"https:\/\/expoalfa.com.ar\/alfalfa\/#organization"},"image":{"@id":"https:\/\/expoalfa.com.ar\/alfalfa\/agvance-25-anos-siendo-parte-del-crecimiento-de-la-alfalfa-en-argentina\/#primaryimage"},"thumbnailUrl":"https:\/\/expoalfa.com.ar\/alfalfa\/wp-content\/uploads\/2024\/11\/pacheco.jpg","keywords":["Alfalfa","Esperanza","ExpoAlfa 2024","Forrajes","Heno","Novedades","Producci\u00f3n"],"articleSection":["Expo"],"inLanguage":"es","potentialAction":[{"@type":"CommentAction","name":"Comment","target":["https:\/\/expoalfa.com.ar\/alfalfa\/agvance-25-anos-siendo-parte-del-crecimiento-de-la-alfalfa-en-argentina\/#respond"]}]},{"@type":"WebPage","@id":"https:\/\/expoalfa.com.ar\/alfalfa\/agvance-25-anos-siendo-parte-del-crecimiento-de-la-alfalfa-en-argentina\/","url":"https:\/\/expoalfa.com.ar\/alfalfa\/agvance-25-anos-siendo-parte-del-crecimiento-de-la-alfalfa-en-argentina\/","name":"Agvance, 25 a\u00f1os siendo parte del crecimiento de la alfalfa en Argentina - ExpoAlfa Jornada 2025","isPartOf":{"@id":"https:\/\/expoalfa.com.ar\/alfalfa\/#website"},"primaryImageOfPage":{"@id":"https:\/\/expoalfa.com.ar\/alfalfa\/agvance-25-anos-siendo-parte-del-crecimiento-de-la-alfalfa-en-argentina\/#primaryimage"},"image":{"@id":"https:\/\/expoalfa.com.ar\/alfalfa\/agvance-25-anos-siendo-parte-del-crecimiento-de-la-alfalfa-en-argentina\/#primaryimage"},"thumbnailUrl":"https:\/\/expoalfa.com.ar\/alfalfa\/wp-content\/uploads\/2024\/11\/pacheco.jpg","datePublished":"2024-11-10T01:46:23+00:00","dateModified":"2024-11-11T16:36:50+00:00","breadcrumb":{"@id":"https:\/\/expoalfa.com.ar\/alfalfa\/agvance-25-anos-siendo-parte-del-crecimiento-de-la-alfalfa-en-argentina\/#breadcrumb"},"inLanguage":"es","potentialAction":[{"@type":"ReadAction","target":["https:\/\/expoalfa.com.ar\/alfalfa\/agvance-25-anos-siendo-parte-del-crecimiento-de-la-alfalfa-en-argentina\/"]}]},{"@type":"ImageObject","inLanguage":"es","@id":"https:\/\/expoalfa.com.ar\/alfalfa\/agvance-25-anos-siendo-parte-del-crecimiento-de-la-alfalfa-en-argentina\/#primaryimage","url":"https:\/\/expoalfa.com.ar\/alfalfa\/wp-content\/uploads\/2024\/11\/pacheco.jpg","contentUrl":"https:\/\/expoalfa.com.ar\/alfalfa\/wp-content\/uploads\/2024\/11\/pacheco.jpg","width":1620,"height":1080},{"@type":"BreadcrumbList","@id":"https:\/\/expoalfa.com.ar\/alfalfa\/agvance-25-anos-siendo-parte-del-crecimiento-de-la-alfalfa-en-argentina\/#breadcrumb","itemListElement":[{"@type":"ListItem","position":1,"name":"Portada","item":"https:\/\/expoalfa.com.ar\/alfalfa\/"},{"@type":"ListItem","position":2,"name":"Agvance, 25 a\u00f1os siendo parte del crecimiento de la alfalfa en Argentina"}]},{"@type":"WebSite","@id":"https:\/\/expoalfa.com.ar\/alfalfa\/#website","url":"https:\/\/expoalfa.com.ar\/alfalfa\/","name":"ExpoAlfa 2024","description":"","publisher":{"@id":"https:\/\/expoalfa.com.ar\/alfalfa\/#organization"},"potentialAction":[{"@type":"SearchAction","target":{"@type":"EntryPoint","urlTemplate":"https:\/\/expoalfa.com.ar\/alfalfa\/?s={search_term_string}"},"query-input":{"@type":"PropertyValueSpecification","valueRequired":true,"valueName":"search_term_string"}}],"inLanguage":"es"},{"@type":"Organization","@id":"https:\/\/expoalfa.com.ar\/alfalfa\/#organization","name":"ExpoAlfa 2024","url":"https:\/\/expoalfa.com.ar\/alfalfa\/","logo":{"@type":"ImageObject","inLanguage":"es","@id":"https:\/\/expoalfa.com.ar\/alfalfa\/#\/schema\/logo\/image\/","url":"https:\/\/expoalfa.com.ar\/alfalfa\/wp-content\/uploads\/2024\/05\/cropped-Mesa-de-trabajo-32-e1716558195280.png","contentUrl":"https:\/\/expoalfa.com.ar\/alfalfa\/wp-content\/uploads\/2024\/05\/cropped-Mesa-de-trabajo-32-e1716558195280.png","width":512,"height":512,"caption":"ExpoAlfa 2024"},"image":{"@id":"https:\/\/expoalfa.com.ar\/alfalfa\/#\/schema\/logo\/image\/"},"sameAs":["https:\/\/www.facebook.com\/expoalfa\/","https:\/\/www.instagram.com\/expoalfa","https:\/\/www.youtube.com\/@TodoAlfalfa"]},{"@type":"Person","@id":"https:\/\/expoalfa.com.ar\/alfalfa\/#\/schema\/person\/60508db5a29f1787249735fb7f395e69","name":"c1381075","image":{"@type":"ImageObject","inLanguage":"es","@id":"https:\/\/expoalfa.com.ar\/alfalfa\/#\/schema\/person\/image\/","url":"https:\/\/secure.gravatar.com\/avatar\/53d9cdf8eef2f7ba8c38ed47b72c54cf5395a169ee26ff1592cae5aea669a0d3?s=96&d=mm&r=g","contentUrl":"https:\/\/secure.gravatar.com\/avatar\/53d9cdf8eef2f7ba8c38ed47b72c54cf5395a169ee26ff1592cae5aea669a0d3?s=96&d=mm&r=g","caption":"c1381075"},"url":"https:\/\/expoalfa.com.ar\/alfalfa\/author\/c1381075\/"}]}},"jetpack_featured_media_url":"https:\/\/expoalfa.com.ar\/alfalfa\/wp-content\/uploads\/2024\/11\/pacheco.jpg","_links":{"self":[{"href":"https:\/\/expoalfa.com.ar\/alfalfa\/wp-json\/wp\/v2\/posts\/5290","targetHints":{"allow":["GET"]}}],"collection":[{"href":"https:\/\/expoalfa.com.ar\/alfalfa\/wp-json\/wp\/v2\/posts"}],"about":[{"href":"https:\/\/expoalfa.com.ar\/alfalfa\/wp-json\/wp\/v2\/types\/post"}],"author":[{"embeddable":true,"href":"https:\/\/expoalfa.com.ar\/alfalfa\/wp-json\/wp\/v2\/users\/2"}],"replies":[{"embeddable":true,"href":"https:\/\/expoalfa.com.ar\/alfalfa\/wp-json\/wp\/v2\/comments?post=5290"}],"version-history":[{"count":2,"href":"https:\/\/expoalfa.com.ar\/alfalfa\/wp-json\/wp\/v2\/posts\/5290\/revisions"}],"predecessor-version":[{"id":5361,"href":"https:\/\/expoalfa.com.ar\/alfalfa\/wp-json\/wp\/v2\/posts\/5290\/revisions\/5361"}],"wp:featuredmedia":[{"embeddable":true,"href":"https:\/\/expoalfa.com.ar\/alfalfa\/wp-json\/wp\/v2\/media\/5291"}],"wp:attachment":[{"href":"https:\/\/expoalfa.com.ar\/alfalfa\/wp-json\/wp\/v2\/media?parent=5290"}],"wp:term":[{"taxonomy":"category","embeddable":true,"href":"https:\/\/expoalfa.com.ar\/alfalfa\/wp-json\/wp\/v2\/categories?post=5290"},{"taxonomy":"post_tag","embeddable":true,"href":"https:\/\/expoalfa.com.ar\/alfalfa\/wp-json\/wp\/v2\/tags?post=5290"}],"curies":[{"name":"wp","href":"https:\/\/api.w.org\/{rel}","templated":true}]}}