{"id":5497,"date":"2024-11-22T18:58:58","date_gmt":"2024-11-22T18:58:58","guid":{"rendered":"https:\/\/expoalfa.com.ar\/alfalfa\/?p=5497"},"modified":"2024-11-23T12:10:21","modified_gmt":"2024-11-23T12:10:21","slug":"desde-esperanza-la-alfalfa-se-ubico-en-el-centro-de-la-escena-nacional","status":"publish","type":"post","link":"https:\/\/expoalfa.com.ar\/alfalfa\/desde-esperanza-la-alfalfa-se-ubico-en-el-centro-de-la-escena-nacional\/","title":{"rendered":"Desde Esperanza, la alfalfa se ubic\u00f3 en el centro de la escena nacional\u00a0"},"content":{"rendered":"<p>ExpoAlfa 2024 volvi\u00f3 a realizarse tras el parate post pandemia y tres a\u00f1os despu\u00e9s la alfalfa volvi\u00f3 a la escena nacional. Ante un importante marco de p\u00fablico y con presencia de funcionarios del gobierno de la provincia de Santa Fe como Ignacio M\u00e1ntaras (secretario de Agricultura y Ganader\u00eda), Carlos De Lorenzi (director de Lecher\u00eda) y Daniel Scarabotti (director de Agricultura). <\/p><p>Junto a ellos estuvieron el intendente de Esperanza, Rodrigo M\u00fcller, la secretaria de innovaci\u00f3n y desarrollo econ\u00f3mico, Victoria Nagel. <\/p><p>Hicieron lo propio integrantes de la organizaci\u00f3n: el gerente de TodoCampos, Antonio Lozano; el rector de la Universidad Nacional del Litoral, Enrique Mammarella; el decano de la Facultad de Ciencias Agrarias de la Universidad Nacional del Litoral, magister Oscar Osan y Fernando Delbino, docente de la catedra de forrajes de la Facultad de Ciencias Agrarias de la Universidad Nacional del Litoral. <\/p><p>Tambi\u00e9n particip\u00f3 la directora de la Estaci\u00f3n experimental del INTA Rafaela, ingeniera agr\u00f3noma Mar\u00eda Eugenia Carrizo.\u00a0<\/p><figure class=\"wp-block-image size-large\"><a href=\"https:\/\/expoalfa.com.ar\/alfalfa\/wp-content\/uploads\/2024\/11\/autoridades.jpg\"><img fetchpriority=\"high\" decoding=\"async\" width=\"1024\" height=\"765\" src=\"https:\/\/expoalfa.com.ar\/alfalfa\/wp-content\/uploads\/2024\/11\/autoridades-1024x765.jpg\" alt=\"\" class=\"wp-image-5500\" srcset=\"https:\/\/expoalfa.com.ar\/alfalfa\/wp-content\/uploads\/2024\/11\/autoridades-1024x765.jpg 1024w, https:\/\/expoalfa.com.ar\/alfalfa\/wp-content\/uploads\/2024\/11\/autoridades-300x224.jpg 300w, https:\/\/expoalfa.com.ar\/alfalfa\/wp-content\/uploads\/2024\/11\/autoridades-768x573.jpg 768w, https:\/\/expoalfa.com.ar\/alfalfa\/wp-content\/uploads\/2024\/11\/autoridades.jpg 1200w\" sizes=\"(max-width: 1024px) 100vw, 1024px\" \/><\/a><figcaption class=\"wp-element-caption\">Ignacio Mantar\u00e1s (sec de Agricultura y Ganader\u00eda), Oscar Osan (decano FCA UNL), Fernando Delbino (Docente c\u00e1tedra Forrajes), Rodrigo M\u00fcller (Int. Esperanza) y Antonio Lozano (Gerente TodoCampos).<\/figcaption><\/figure><p>Los presentes destacaron en su discurso la importancia y trascendencia de la alfalfa como cultivo, las posibilidades que brinda en la actualidad, y que Esperanza sea el centro para poner la corona a la reina de las forrajeras.\u00a0<\/p><p>La primera jornada marc\u00f3 una inusitada intensidad, es que mientras en el auditorio principal se llevaba a cabo la apertura, en el sal\u00f3n de la Sociedad Rural Las Colonias se desarrollaba una charla exclusiva para productores que coparon el espacio y mostraron inter\u00e9s en la propuesta.\u00a0<\/p><p>All\u00ed, Jos\u00e9 Maiztegui (docente de la FCA-UNL) habl\u00f3 sobre \u201cLa alfalfa en la nutrici\u00f3n de vacas lecheras de alta producci\u00f3n\u201d, In\u00e9s Brance Bonvini, (docente de la FCA-UNL y desarrollista de Gentos) explic\u00f3: \u201cEl rol de la alfalfa como aliada para potenciar la rentabilidad y productividad en la cuenca lechera central santafesina\u201d; por su parte, Javier Baudracco (docente de la FCA-UNL) abord\u00f3 el tema: \u201cLecher\u00eda simple y rentable: es con alfalfa\u201d.\u00a0<\/p><p>El cierre estuvo a cargo de Jos\u00e9 Brigante, presidente de la C\u00e1mara Argentina de Alfalfa quien habl\u00f3 sobre un tema de actualidad: \u201cOportunidades para el cultivo de alfalfa\u201d.\u00a0<\/p><p>En tanto, en el predio del CICAE, un gran n\u00famero de visitantes recorr\u00edan la muestra est\u00e1tica y disfrutaban de los fierros y cada una de las propuestas que las empresas del sector expusieron en el espacio. Desde semillas hasta drones; pasando por maquinarias forrajeras, tractores, camionetas, hilos y m\u00e1s.\u00a0<\/p><figure class=\"wp-block-gallery has-nested-images columns-default is-cropped wp-block-gallery-1 is-layout-flex wp-block-gallery-is-layout-flex\"><figure class=\"wp-block-image size-medium\"><a href=\"https:\/\/expoalfa.com.ar\/alfalfa\/wp-content\/uploads\/2024\/11\/tapa-e1731641978633.jpg\"><img decoding=\"async\" width=\"248\" height=\"300\" data-id=\"5447\" src=\"https:\/\/expoalfa.com.ar\/alfalfa\/wp-content\/uploads\/2024\/11\/tapa-e1731641978633-248x300.jpg\" alt=\"\" class=\"wp-image-5447\" srcset=\"https:\/\/expoalfa.com.ar\/alfalfa\/wp-content\/uploads\/2024\/11\/tapa-e1731641978633-248x300.jpg 248w, https:\/\/expoalfa.com.ar\/alfalfa\/wp-content\/uploads\/2024\/11\/tapa-e1731641978633.jpg 720w\" sizes=\"(max-width: 248px) 100vw, 248px\" \/><\/a><figcaption class=\"wp-element-caption\">Ingreso a ExpoAlfa 2024<\/figcaption><\/figure>\n\n<figure class=\"wp-block-image size-large\"><a href=\"https:\/\/expoalfa.com.ar\/alfalfa\/wp-content\/uploads\/2024\/11\/20241114_101108-1-scaled.jpg\"><img decoding=\"async\" width=\"577\" height=\"1024\" data-id=\"5511\" src=\"https:\/\/expoalfa.com.ar\/alfalfa\/wp-content\/uploads\/2024\/11\/20241114_101108-1-577x1024.jpg\" alt=\"\" class=\"wp-image-5511\" srcset=\"https:\/\/expoalfa.com.ar\/alfalfa\/wp-content\/uploads\/2024\/11\/20241114_101108-1-577x1024.jpg 577w, https:\/\/expoalfa.com.ar\/alfalfa\/wp-content\/uploads\/2024\/11\/20241114_101108-1-169x300.jpg 169w, https:\/\/expoalfa.com.ar\/alfalfa\/wp-content\/uploads\/2024\/11\/20241114_101108-1-768x1364.jpg 768w, https:\/\/expoalfa.com.ar\/alfalfa\/wp-content\/uploads\/2024\/11\/20241114_101108-1-865x1536.jpg 865w, https:\/\/expoalfa.com.ar\/alfalfa\/wp-content\/uploads\/2024\/11\/20241114_101108-1-1153x2048.jpg 1153w, https:\/\/expoalfa.com.ar\/alfalfa\/wp-content\/uploads\/2024\/11\/20241114_101108-1-scaled.jpg 1441w\" sizes=\"(max-width: 577px) 100vw, 577px\" \/><\/a><figcaption class=\"wp-element-caption\">Dos generaciones unidas por el amor a la \u00abreina de las forrajeras\u00bb<\/figcaption><\/figure>\n\n<figure class=\"wp-block-image size-large\"><a href=\"https:\/\/expoalfa.com.ar\/alfalfa\/wp-content\/uploads\/2024\/11\/IMG-20241113-WA0128.jpg\"><img loading=\"lazy\" decoding=\"async\" width=\"576\" height=\"1024\" data-id=\"5425\" src=\"https:\/\/expoalfa.com.ar\/alfalfa\/wp-content\/uploads\/2024\/11\/IMG-20241113-WA0128-576x1024.jpg\" alt=\"\" class=\"wp-image-5425\" srcset=\"https:\/\/expoalfa.com.ar\/alfalfa\/wp-content\/uploads\/2024\/11\/IMG-20241113-WA0128-576x1024.jpg 576w, https:\/\/expoalfa.com.ar\/alfalfa\/wp-content\/uploads\/2024\/11\/IMG-20241113-WA0128-169x300.jpg 169w, https:\/\/expoalfa.com.ar\/alfalfa\/wp-content\/uploads\/2024\/11\/IMG-20241113-WA0128-768x1365.jpg 768w, https:\/\/expoalfa.com.ar\/alfalfa\/wp-content\/uploads\/2024\/11\/IMG-20241113-WA0128-864x1536.jpg 864w, https:\/\/expoalfa.com.ar\/alfalfa\/wp-content\/uploads\/2024\/11\/IMG-20241113-WA0128.jpg 900w\" sizes=\"(max-width: 576px) 100vw, 576px\" \/><\/a><figcaption class=\"wp-element-caption\">Stand de WL Agavance<\/figcaption><\/figure>\n\n<figure class=\"wp-block-image size-large\"><a href=\"https:\/\/expoalfa.com.ar\/alfalfa\/wp-content\/uploads\/2024\/11\/Zingoni-2-1.jpg\"><img loading=\"lazy\" decoding=\"async\" width=\"1024\" height=\"461\" data-id=\"5510\" src=\"https:\/\/expoalfa.com.ar\/alfalfa\/wp-content\/uploads\/2024\/11\/Zingoni-2-1-1024x461.jpg\" alt=\"\" class=\"wp-image-5510\" srcset=\"https:\/\/expoalfa.com.ar\/alfalfa\/wp-content\/uploads\/2024\/11\/Zingoni-2-1-1024x461.jpg 1024w, https:\/\/expoalfa.com.ar\/alfalfa\/wp-content\/uploads\/2024\/11\/Zingoni-2-1-300x135.jpg 300w, https:\/\/expoalfa.com.ar\/alfalfa\/wp-content\/uploads\/2024\/11\/Zingoni-2-1-768x346.jpg 768w, https:\/\/expoalfa.com.ar\/alfalfa\/wp-content\/uploads\/2024\/11\/Zingoni-2-1-1536x691.jpg 1536w, https:\/\/expoalfa.com.ar\/alfalfa\/wp-content\/uploads\/2024\/11\/Zingoni-2-1.jpg 1600w\" sizes=\"(max-width: 1024px) 100vw, 1024px\" \/><\/a><figcaption class=\"wp-element-caption\">Martin y Bautista Zingoni &#8211; Stand Zinma Seeds<\/figcaption><\/figure>\n\n<figure class=\"wp-block-image size-large\"><a href=\"https:\/\/expoalfa.com.ar\/alfalfa\/wp-content\/uploads\/2024\/11\/Imagen-de-WhatsApp-2024-11-20-a-las-14.50.58_68daad64.jpg\"><img loading=\"lazy\" decoding=\"async\" width=\"1024\" height=\"584\" data-id=\"5512\" src=\"https:\/\/expoalfa.com.ar\/alfalfa\/wp-content\/uploads\/2024\/11\/Imagen-de-WhatsApp-2024-11-20-a-las-14.50.58_68daad64-1024x584.jpg\" alt=\"\" class=\"wp-image-5512\" srcset=\"https:\/\/expoalfa.com.ar\/alfalfa\/wp-content\/uploads\/2024\/11\/Imagen-de-WhatsApp-2024-11-20-a-las-14.50.58_68daad64-1024x584.jpg 1024w, https:\/\/expoalfa.com.ar\/alfalfa\/wp-content\/uploads\/2024\/11\/Imagen-de-WhatsApp-2024-11-20-a-las-14.50.58_68daad64-300x171.jpg 300w, https:\/\/expoalfa.com.ar\/alfalfa\/wp-content\/uploads\/2024\/11\/Imagen-de-WhatsApp-2024-11-20-a-las-14.50.58_68daad64-768x438.jpg 768w, https:\/\/expoalfa.com.ar\/alfalfa\/wp-content\/uploads\/2024\/11\/Imagen-de-WhatsApp-2024-11-20-a-las-14.50.58_68daad64-1536x876.jpg 1536w, https:\/\/expoalfa.com.ar\/alfalfa\/wp-content\/uploads\/2024\/11\/Imagen-de-WhatsApp-2024-11-20-a-las-14.50.58_68daad64.jpg 1600w\" sizes=\"(max-width: 1024px) 100vw, 1024px\" \/><\/a><figcaption class=\"wp-element-caption\">Stand Los Prados<\/figcaption><\/figure>\n\n<figure class=\"wp-block-image size-large\"><a href=\"https:\/\/expoalfa.com.ar\/alfalfa\/wp-content\/uploads\/2024\/11\/Imagen-de-WhatsApp-2024-11-22-a-las-14.59.19_2a53359f.jpg\"><img loading=\"lazy\" decoding=\"async\" width=\"510\" height=\"463\" data-id=\"5506\" src=\"https:\/\/expoalfa.com.ar\/alfalfa\/wp-content\/uploads\/2024\/11\/Imagen-de-WhatsApp-2024-11-22-a-las-14.59.19_2a53359f.jpg\" alt=\"\" class=\"wp-image-5506\" srcset=\"https:\/\/expoalfa.com.ar\/alfalfa\/wp-content\/uploads\/2024\/11\/Imagen-de-WhatsApp-2024-11-22-a-las-14.59.19_2a53359f.jpg 510w, https:\/\/expoalfa.com.ar\/alfalfa\/wp-content\/uploads\/2024\/11\/Imagen-de-WhatsApp-2024-11-22-a-las-14.59.19_2a53359f-300x272.jpg 300w\" sizes=\"(max-width: 510px) 100vw, 510px\" \/><\/a><figcaption class=\"wp-element-caption\">Stand Massey Ferguson<\/figcaption><\/figure>\n\n<figure class=\"wp-block-image size-large\"><a href=\"https:\/\/expoalfa.com.ar\/alfalfa\/wp-content\/uploads\/2024\/11\/20241113_131638-scaled.jpg\"><img loading=\"lazy\" decoding=\"async\" width=\"1024\" height=\"577\" data-id=\"5503\" src=\"https:\/\/expoalfa.com.ar\/alfalfa\/wp-content\/uploads\/2024\/11\/20241113_131638-1024x577.jpg\" alt=\"\" class=\"wp-image-5503\" srcset=\"https:\/\/expoalfa.com.ar\/alfalfa\/wp-content\/uploads\/2024\/11\/20241113_131638-1024x577.jpg 1024w, https:\/\/expoalfa.com.ar\/alfalfa\/wp-content\/uploads\/2024\/11\/20241113_131638-300x169.jpg 300w, https:\/\/expoalfa.com.ar\/alfalfa\/wp-content\/uploads\/2024\/11\/20241113_131638-768x432.jpg 768w, https:\/\/expoalfa.com.ar\/alfalfa\/wp-content\/uploads\/2024\/11\/20241113_131638-1536x865.jpg 1536w, https:\/\/expoalfa.com.ar\/alfalfa\/wp-content\/uploads\/2024\/11\/20241113_131638-2048x1153.jpg 2048w\" sizes=\"(max-width: 1024px) 100vw, 1024px\" \/><\/a><figcaption class=\"wp-element-caption\">Stand Remonda Castro &#8211; John Deere<\/figcaption><\/figure>\n\n<figure class=\"wp-block-image size-large\"><a href=\"https:\/\/expoalfa.com.ar\/alfalfa\/wp-content\/uploads\/2024\/11\/20241113_145405-scaled.jpg\"><img loading=\"lazy\" decoding=\"async\" width=\"1024\" height=\"577\" data-id=\"5505\" src=\"https:\/\/expoalfa.com.ar\/alfalfa\/wp-content\/uploads\/2024\/11\/20241113_145405-1024x577.jpg\" alt=\"\" class=\"wp-image-5505\" srcset=\"https:\/\/expoalfa.com.ar\/alfalfa\/wp-content\/uploads\/2024\/11\/20241113_145405-1024x577.jpg 1024w, https:\/\/expoalfa.com.ar\/alfalfa\/wp-content\/uploads\/2024\/11\/20241113_145405-300x169.jpg 300w, https:\/\/expoalfa.com.ar\/alfalfa\/wp-content\/uploads\/2024\/11\/20241113_145405-768x432.jpg 768w, https:\/\/expoalfa.com.ar\/alfalfa\/wp-content\/uploads\/2024\/11\/20241113_145405-1536x865.jpg 1536w, https:\/\/expoalfa.com.ar\/alfalfa\/wp-content\/uploads\/2024\/11\/20241113_145405-2048x1153.jpg 2048w\" sizes=\"(max-width: 1024px) 100vw, 1024px\" \/><\/a><figcaption class=\"wp-element-caption\">Stand Gauss &#8211; Krone<\/figcaption><\/figure><\/figure><p>A su vez, en el auditorio principal se llevaban a cabo las Jornadas de Alfalfa con un amplio programa, que en su primera jornada abord\u00f3 mejoramiento gen\u00e9tico en semillas, riego, fertilidad, alfalfa en sistemas silvopastoriles, propiedades f\u00edsicas del suelo.\u00a0<\/p><p>Disertantes de la talla de Ariel Odorizzi, Investigador coordinador del programa de mejoramiento de alfalfa de INTA (Manfredi) que habl\u00f3 sobre la ganancia gen\u00e9tica y destac\u00f3 que \u00bb en los \u00faltimos 20 a\u00f1os hay un estancamiento en cuanto a la ganancia gen\u00e9tica del rendimiento per se\u00bb.\u00a0<\/p><p>Mart\u00edn Zingoni, de Zinma Seeds, habl\u00f3 sobre Breeding y producci\u00f3n en Alfalfa, mientras que Gonzalo Berhongaray, docente e investigador, abord\u00f3 un tema que no es muy debatido, pero al que debemos prestarle \u00abdemasiada atenci\u00f3n\u00bb. La relaci\u00f3n de la alfalfa, el potencial productivo y el impacto en la calidad de suelo.&nbsp;<\/p><p>El ingeniero Roberto Marano, investigador del ICiAgro Litroal (UNL &#8211; Conicet) y docente de la FCA &#8211; UNL destac\u00f3 que la alfalfa para reinar necesita del riego. En su ponencia, explic\u00f3 la importancia de invertir en un sistema h\u00eddrico que permita brindar el agua necesaria para producir.\u00a0<\/p><figure class=\"wp-block-gallery has-nested-images columns-default is-cropped wp-block-gallery-2 is-layout-flex wp-block-gallery-is-layout-flex\"><figure class=\"wp-block-image size-large\"><a href=\"https:\/\/expoalfa.com.ar\/alfalfa\/wp-content\/uploads\/2024\/11\/20241113_100545-scaled.jpg\"><img loading=\"lazy\" decoding=\"async\" width=\"1024\" height=\"577\" data-id=\"5514\" src=\"https:\/\/expoalfa.com.ar\/alfalfa\/wp-content\/uploads\/2024\/11\/20241113_100545-1024x577.jpg\" alt=\"\" class=\"wp-image-5514\" srcset=\"https:\/\/expoalfa.com.ar\/alfalfa\/wp-content\/uploads\/2024\/11\/20241113_100545-1024x577.jpg 1024w, https:\/\/expoalfa.com.ar\/alfalfa\/wp-content\/uploads\/2024\/11\/20241113_100545-300x169.jpg 300w, https:\/\/expoalfa.com.ar\/alfalfa\/wp-content\/uploads\/2024\/11\/20241113_100545-768x432.jpg 768w, https:\/\/expoalfa.com.ar\/alfalfa\/wp-content\/uploads\/2024\/11\/20241113_100545-1536x865.jpg 1536w, https:\/\/expoalfa.com.ar\/alfalfa\/wp-content\/uploads\/2024\/11\/20241113_100545-2048x1153.jpg 2048w\" sizes=\"(max-width: 1024px) 100vw, 1024px\" \/><\/a><figcaption class=\"wp-element-caption\">Ariel Odorizzi, Ingeniero Agr\u00f3nomo INTA Manfredi<\/figcaption><\/figure>\n\n<figure class=\"wp-block-image size-large\"><a href=\"https:\/\/expoalfa.com.ar\/alfalfa\/wp-content\/uploads\/2024\/11\/20241113_102731-scaled.jpg\"><img loading=\"lazy\" decoding=\"async\" width=\"1024\" height=\"577\" data-id=\"5515\" src=\"https:\/\/expoalfa.com.ar\/alfalfa\/wp-content\/uploads\/2024\/11\/20241113_102731-1024x577.jpg\" alt=\"\" class=\"wp-image-5515\" srcset=\"https:\/\/expoalfa.com.ar\/alfalfa\/wp-content\/uploads\/2024\/11\/20241113_102731-1024x577.jpg 1024w, https:\/\/expoalfa.com.ar\/alfalfa\/wp-content\/uploads\/2024\/11\/20241113_102731-300x169.jpg 300w, https:\/\/expoalfa.com.ar\/alfalfa\/wp-content\/uploads\/2024\/11\/20241113_102731-768x432.jpg 768w, https:\/\/expoalfa.com.ar\/alfalfa\/wp-content\/uploads\/2024\/11\/20241113_102731-1536x865.jpg 1536w, https:\/\/expoalfa.com.ar\/alfalfa\/wp-content\/uploads\/2024\/11\/20241113_102731-2048x1153.jpg 2048w\" sizes=\"(max-width: 1024px) 100vw, 1024px\" \/><\/a><figcaption class=\"wp-element-caption\">Gabriela Soto, investigadora Conicet<\/figcaption><\/figure>\n\n<figure class=\"wp-block-image size-large\"><a href=\"https:\/\/expoalfa.com.ar\/alfalfa\/wp-content\/uploads\/2024\/11\/20241113_104955-scaled.jpg\"><img loading=\"lazy\" decoding=\"async\" width=\"1024\" height=\"577\" data-id=\"5516\" src=\"https:\/\/expoalfa.com.ar\/alfalfa\/wp-content\/uploads\/2024\/11\/20241113_104955-1024x577.jpg\" alt=\"\" class=\"wp-image-5516\" srcset=\"https:\/\/expoalfa.com.ar\/alfalfa\/wp-content\/uploads\/2024\/11\/20241113_104955-1024x577.jpg 1024w, https:\/\/expoalfa.com.ar\/alfalfa\/wp-content\/uploads\/2024\/11\/20241113_104955-300x169.jpg 300w, https:\/\/expoalfa.com.ar\/alfalfa\/wp-content\/uploads\/2024\/11\/20241113_104955-768x432.jpg 768w, https:\/\/expoalfa.com.ar\/alfalfa\/wp-content\/uploads\/2024\/11\/20241113_104955-1536x865.jpg 1536w, https:\/\/expoalfa.com.ar\/alfalfa\/wp-content\/uploads\/2024\/11\/20241113_104955-2048x1153.jpg 2048w\" sizes=\"(max-width: 1024px) 100vw, 1024px\" \/><\/a><figcaption class=\"wp-element-caption\">Martin Zingoni, de Zinma Seeds<\/figcaption><\/figure>\n\n<figure class=\"wp-block-image size-large\"><a href=\"https:\/\/expoalfa.com.ar\/alfalfa\/wp-content\/uploads\/2024\/11\/20241113_110808-scaled.jpg\"><img loading=\"lazy\" decoding=\"async\" width=\"1024\" height=\"577\" data-id=\"5517\" src=\"https:\/\/expoalfa.com.ar\/alfalfa\/wp-content\/uploads\/2024\/11\/20241113_110808-1024x577.jpg\" alt=\"\" class=\"wp-image-5517\" srcset=\"https:\/\/expoalfa.com.ar\/alfalfa\/wp-content\/uploads\/2024\/11\/20241113_110808-1024x577.jpg 1024w, https:\/\/expoalfa.com.ar\/alfalfa\/wp-content\/uploads\/2024\/11\/20241113_110808-300x169.jpg 300w, https:\/\/expoalfa.com.ar\/alfalfa\/wp-content\/uploads\/2024\/11\/20241113_110808-768x432.jpg 768w, https:\/\/expoalfa.com.ar\/alfalfa\/wp-content\/uploads\/2024\/11\/20241113_110808-1536x865.jpg 1536w, https:\/\/expoalfa.com.ar\/alfalfa\/wp-content\/uploads\/2024\/11\/20241113_110808-2048x1153.jpg 2048w\" sizes=\"(max-width: 1024px) 100vw, 1024px\" \/><\/a><figcaption class=\"wp-element-caption\">Ronda de Preguntas<\/figcaption><\/figure><\/figure><p>Productividad y eficiencia = kilos de carne. El ingeniero Agr\u00f3nomo Germ\u00e1n Berone, investigador del INTA Balcarce, abord\u00f3 en su disertaci\u00f3n la utilizaci\u00f3n del pastoreo. Con datos de la red de alfalfa de INTA explic\u00f3 las mejoras que lograron con una investigaci\u00f3n de la que fue parte.&nbsp;<\/p><p>Tambi\u00e9n Federico S\u00e1nchez, ingeniero Agr\u00f3nomo de John Deere, destac\u00f3 \u00abla adopci\u00f3n tecnol\u00f3gica que hemos tenido en la \u00faltima d\u00e9cada\u00bb.&nbsp;<\/p><p><strong>Emoci\u00f3n y homenaje&nbsp;<\/strong><\/p><p>Hubo momento para la emoci\u00f3n, ya que la organizaci\u00f3n reconoci\u00f3 a Alberto \u201ctordo\u201d Qui\u00f1onez, Horacio Gallarino, y Roberto Rossanigo, tres hombres fundamentales en el desarrollo productivo de la alfalfa.\u00a0<\/p><figure class=\"wp-block-gallery has-nested-images columns-default is-cropped wp-block-gallery-3 is-layout-flex wp-block-gallery-is-layout-flex\"><figure class=\"wp-block-image size-large\"><a href=\"https:\/\/expoalfa.com.ar\/alfalfa\/wp-content\/uploads\/2024\/11\/Imagen-de-WhatsApp-2024-11-22-a-las-15.24.01_be2b4cf5-scaled.jpg\"><img loading=\"lazy\" decoding=\"async\" width=\"1024\" height=\"577\" data-id=\"5518\" src=\"https:\/\/expoalfa.com.ar\/alfalfa\/wp-content\/uploads\/2024\/11\/Imagen-de-WhatsApp-2024-11-22-a-las-15.24.01_be2b4cf5-1024x577.jpg\" alt=\"\" class=\"wp-image-5518\" srcset=\"https:\/\/expoalfa.com.ar\/alfalfa\/wp-content\/uploads\/2024\/11\/Imagen-de-WhatsApp-2024-11-22-a-las-15.24.01_be2b4cf5-1024x577.jpg 1024w, https:\/\/expoalfa.com.ar\/alfalfa\/wp-content\/uploads\/2024\/11\/Imagen-de-WhatsApp-2024-11-22-a-las-15.24.01_be2b4cf5-300x169.jpg 300w, https:\/\/expoalfa.com.ar\/alfalfa\/wp-content\/uploads\/2024\/11\/Imagen-de-WhatsApp-2024-11-22-a-las-15.24.01_be2b4cf5-768x432.jpg 768w, https:\/\/expoalfa.com.ar\/alfalfa\/wp-content\/uploads\/2024\/11\/Imagen-de-WhatsApp-2024-11-22-a-las-15.24.01_be2b4cf5-1536x865.jpg 1536w, https:\/\/expoalfa.com.ar\/alfalfa\/wp-content\/uploads\/2024\/11\/Imagen-de-WhatsApp-2024-11-22-a-las-15.24.01_be2b4cf5-2048x1153.jpg 2048w\" sizes=\"(max-width: 1024px) 100vw, 1024px\" \/><\/a><figcaption class=\"wp-element-caption\">Alberto Qui\u00f1onez<\/figcaption><\/figure>\n\n<figure class=\"wp-block-image size-large\"><a href=\"https:\/\/expoalfa.com.ar\/alfalfa\/wp-content\/uploads\/2024\/11\/Imagen-de-WhatsApp-2024-11-22-a-las-15.24.03_08db538a-scaled.jpg\"><img loading=\"lazy\" decoding=\"async\" width=\"1024\" height=\"577\" data-id=\"5519\" src=\"https:\/\/expoalfa.com.ar\/alfalfa\/wp-content\/uploads\/2024\/11\/Imagen-de-WhatsApp-2024-11-22-a-las-15.24.03_08db538a-1024x577.jpg\" alt=\"\" class=\"wp-image-5519\" srcset=\"https:\/\/expoalfa.com.ar\/alfalfa\/wp-content\/uploads\/2024\/11\/Imagen-de-WhatsApp-2024-11-22-a-las-15.24.03_08db538a-1024x577.jpg 1024w, https:\/\/expoalfa.com.ar\/alfalfa\/wp-content\/uploads\/2024\/11\/Imagen-de-WhatsApp-2024-11-22-a-las-15.24.03_08db538a-300x169.jpg 300w, https:\/\/expoalfa.com.ar\/alfalfa\/wp-content\/uploads\/2024\/11\/Imagen-de-WhatsApp-2024-11-22-a-las-15.24.03_08db538a-768x432.jpg 768w, https:\/\/expoalfa.com.ar\/alfalfa\/wp-content\/uploads\/2024\/11\/Imagen-de-WhatsApp-2024-11-22-a-las-15.24.03_08db538a-1536x865.jpg 1536w, https:\/\/expoalfa.com.ar\/alfalfa\/wp-content\/uploads\/2024\/11\/Imagen-de-WhatsApp-2024-11-22-a-las-15.24.03_08db538a-2048x1153.jpg 2048w\" sizes=\"(max-width: 1024px) 100vw, 1024px\" \/><\/a><figcaption class=\"wp-element-caption\">Horacio Gallarino<\/figcaption><\/figure>\n\n<figure class=\"wp-block-image size-large\"><a href=\"https:\/\/expoalfa.com.ar\/alfalfa\/wp-content\/uploads\/2024\/11\/Imagen-de-WhatsApp-2024-11-22-a-las-15.24.04_102382ca-scaled.jpg\"><img loading=\"lazy\" decoding=\"async\" width=\"1024\" height=\"577\" data-id=\"5520\" src=\"https:\/\/expoalfa.com.ar\/alfalfa\/wp-content\/uploads\/2024\/11\/Imagen-de-WhatsApp-2024-11-22-a-las-15.24.04_102382ca-1024x577.jpg\" alt=\"\" class=\"wp-image-5520\" srcset=\"https:\/\/expoalfa.com.ar\/alfalfa\/wp-content\/uploads\/2024\/11\/Imagen-de-WhatsApp-2024-11-22-a-las-15.24.04_102382ca-1024x577.jpg 1024w, https:\/\/expoalfa.com.ar\/alfalfa\/wp-content\/uploads\/2024\/11\/Imagen-de-WhatsApp-2024-11-22-a-las-15.24.04_102382ca-300x169.jpg 300w, https:\/\/expoalfa.com.ar\/alfalfa\/wp-content\/uploads\/2024\/11\/Imagen-de-WhatsApp-2024-11-22-a-las-15.24.04_102382ca-768x432.jpg 768w, https:\/\/expoalfa.com.ar\/alfalfa\/wp-content\/uploads\/2024\/11\/Imagen-de-WhatsApp-2024-11-22-a-las-15.24.04_102382ca-1536x865.jpg 1536w, https:\/\/expoalfa.com.ar\/alfalfa\/wp-content\/uploads\/2024\/11\/Imagen-de-WhatsApp-2024-11-22-a-las-15.24.04_102382ca-2048x1153.jpg 2048w\" sizes=\"(max-width: 1024px) 100vw, 1024px\" \/><\/a><figcaption class=\"wp-element-caption\">Roberto Rossanigo<\/figcaption><\/figure><\/figure><p>El podcast de Dos por el Pasto que cada viernes presenta su edici\u00f3n hablando sobre pasturas, tuvo su cap\u00edtulo en vivo dentro del primer d\u00eda. Juan Lus junto a Pablo Macabure, animaron durante m\u00e1s de un cuarto de hora el auditorio con su propuesta.<\/p><figure class=\"wp-block-image size-large\"><a href=\"https:\/\/expoalfa.com.ar\/alfalfa\/wp-content\/uploads\/2024\/11\/20241113_151909-scaled.jpg\"><img loading=\"lazy\" decoding=\"async\" width=\"1024\" height=\"577\" src=\"https:\/\/expoalfa.com.ar\/alfalfa\/wp-content\/uploads\/2024\/11\/20241113_151909-1024x577.jpg\" alt=\"\" class=\"wp-image-5486\" srcset=\"https:\/\/expoalfa.com.ar\/alfalfa\/wp-content\/uploads\/2024\/11\/20241113_151909-1024x577.jpg 1024w, https:\/\/expoalfa.com.ar\/alfalfa\/wp-content\/uploads\/2024\/11\/20241113_151909-300x169.jpg 300w, https:\/\/expoalfa.com.ar\/alfalfa\/wp-content\/uploads\/2024\/11\/20241113_151909-768x432.jpg 768w, https:\/\/expoalfa.com.ar\/alfalfa\/wp-content\/uploads\/2024\/11\/20241113_151909-1536x865.jpg 1536w, https:\/\/expoalfa.com.ar\/alfalfa\/wp-content\/uploads\/2024\/11\/20241113_151909-2048x1153.jpg 2048w\" sizes=\"(max-width: 1024px) 100vw, 1024px\" \/><\/a><\/figure><p>El cierre del d\u00eda uno se traslad\u00f3 al aulario de la UNL, con una Ronda de Negocio que convoc\u00f3 a un destacado n\u00famero de involucrados y que intercambiaron datos para intentar lograr acuerdos comerciales. Los principales productores y exportadores se reunieron por el lapso de casi dos horas.\u00a0<\/p><figure class=\"wp-block-gallery has-nested-images columns-default is-cropped wp-block-gallery-4 is-layout-flex wp-block-gallery-is-layout-flex\"><figure class=\"wp-block-image size-large\"><a href=\"https:\/\/expoalfa.com.ar\/alfalfa\/wp-content\/uploads\/2024\/11\/20241113_191516-scaled.jpg\"><img loading=\"lazy\" decoding=\"async\" width=\"1024\" height=\"577\" data-id=\"5537\" src=\"https:\/\/expoalfa.com.ar\/alfalfa\/wp-content\/uploads\/2024\/11\/20241113_191516-1024x577.jpg\" alt=\"\" class=\"wp-image-5537\" srcset=\"https:\/\/expoalfa.com.ar\/alfalfa\/wp-content\/uploads\/2024\/11\/20241113_191516-1024x577.jpg 1024w, https:\/\/expoalfa.com.ar\/alfalfa\/wp-content\/uploads\/2024\/11\/20241113_191516-300x169.jpg 300w, https:\/\/expoalfa.com.ar\/alfalfa\/wp-content\/uploads\/2024\/11\/20241113_191516-768x432.jpg 768w, https:\/\/expoalfa.com.ar\/alfalfa\/wp-content\/uploads\/2024\/11\/20241113_191516-1536x865.jpg 1536w, https:\/\/expoalfa.com.ar\/alfalfa\/wp-content\/uploads\/2024\/11\/20241113_191516-2048x1153.jpg 2048w\" sizes=\"(max-width: 1024px) 100vw, 1024px\" \/><\/a><\/figure>\n\n<figure class=\"wp-block-image size-large\"><a href=\"https:\/\/expoalfa.com.ar\/alfalfa\/wp-content\/uploads\/2024\/11\/20241113_191137-scaled.jpg\"><img loading=\"lazy\" decoding=\"async\" width=\"1024\" height=\"577\" data-id=\"5488\" src=\"https:\/\/expoalfa.com.ar\/alfalfa\/wp-content\/uploads\/2024\/11\/20241113_191137-1024x577.jpg\" alt=\"\" class=\"wp-image-5488\" srcset=\"https:\/\/expoalfa.com.ar\/alfalfa\/wp-content\/uploads\/2024\/11\/20241113_191137-1024x577.jpg 1024w, https:\/\/expoalfa.com.ar\/alfalfa\/wp-content\/uploads\/2024\/11\/20241113_191137-300x169.jpg 300w, https:\/\/expoalfa.com.ar\/alfalfa\/wp-content\/uploads\/2024\/11\/20241113_191137-768x432.jpg 768w, https:\/\/expoalfa.com.ar\/alfalfa\/wp-content\/uploads\/2024\/11\/20241113_191137-1536x865.jpg 1536w, https:\/\/expoalfa.com.ar\/alfalfa\/wp-content\/uploads\/2024\/11\/20241113_191137-2048x1153.jpg 2048w\" sizes=\"(max-width: 1024px) 100vw, 1024px\" \/><\/a><\/figure>\n\n<figure class=\"wp-block-image size-large\"><a href=\"https:\/\/expoalfa.com.ar\/alfalfa\/wp-content\/uploads\/2024\/11\/20241113_191420-scaled.jpg\"><img loading=\"lazy\" decoding=\"async\" width=\"1024\" height=\"577\" data-id=\"5487\" src=\"https:\/\/expoalfa.com.ar\/alfalfa\/wp-content\/uploads\/2024\/11\/20241113_191420-1024x577.jpg\" alt=\"\" class=\"wp-image-5487\" srcset=\"https:\/\/expoalfa.com.ar\/alfalfa\/wp-content\/uploads\/2024\/11\/20241113_191420-1024x577.jpg 1024w, https:\/\/expoalfa.com.ar\/alfalfa\/wp-content\/uploads\/2024\/11\/20241113_191420-300x169.jpg 300w, https:\/\/expoalfa.com.ar\/alfalfa\/wp-content\/uploads\/2024\/11\/20241113_191420-768x432.jpg 768w, https:\/\/expoalfa.com.ar\/alfalfa\/wp-content\/uploads\/2024\/11\/20241113_191420-1536x865.jpg 1536w, https:\/\/expoalfa.com.ar\/alfalfa\/wp-content\/uploads\/2024\/11\/20241113_191420-2048x1153.jpg 2048w\" sizes=\"(max-width: 1024px) 100vw, 1024px\" \/><\/a><\/figure>\n\n<figure class=\"wp-block-image size-large\"><a href=\"https:\/\/expoalfa.com.ar\/alfalfa\/wp-content\/uploads\/2024\/11\/20241113_190508-scaled.jpg\"><img loading=\"lazy\" decoding=\"async\" width=\"1024\" height=\"577\" data-id=\"5538\" src=\"https:\/\/expoalfa.com.ar\/alfalfa\/wp-content\/uploads\/2024\/11\/20241113_190508-1024x577.jpg\" alt=\"\" class=\"wp-image-5538\" srcset=\"https:\/\/expoalfa.com.ar\/alfalfa\/wp-content\/uploads\/2024\/11\/20241113_190508-1024x577.jpg 1024w, https:\/\/expoalfa.com.ar\/alfalfa\/wp-content\/uploads\/2024\/11\/20241113_190508-300x169.jpg 300w, https:\/\/expoalfa.com.ar\/alfalfa\/wp-content\/uploads\/2024\/11\/20241113_190508-768x432.jpg 768w, https:\/\/expoalfa.com.ar\/alfalfa\/wp-content\/uploads\/2024\/11\/20241113_190508-1536x865.jpg 1536w, https:\/\/expoalfa.com.ar\/alfalfa\/wp-content\/uploads\/2024\/11\/20241113_190508-2048x1153.jpg 2048w\" sizes=\"(max-width: 1024px) 100vw, 1024px\" \/><\/a><\/figure><\/figure><p>El segundo d\u00eda tuvo m\u00e1s intensidad, ya que agrup\u00f3 a un importante n\u00famero de disertantes, pero a su vez cont\u00f3 con una jornada (en el aulario de la FCA) exclusiva para estudiantes.\u00a0<\/p><p>Gabriela Soto, Jos\u00e9 Maiztegui y Jos\u00e9 Jauregui, fueron los tres expertos que hablaron sobre biotecnolog\u00eda, la alfalfa en la nutrici\u00f3n de vacas lecheras de alta producci\u00f3n y producci\u00f3n y aprovechamiento de alfalfa para maximizar la producci\u00f3n. \u00a0<\/p><p>En tanto que en el auditorio central hubo 12 disertantes que hasta pasado el mediod\u00eda hablaron de siembra, calidad de semillas, programas de mejoramiento, como potenciar la producci\u00f3n, exportaci\u00f3n y mucho m\u00e1s.&nbsp;<\/p><p>Guillermo Marr\u00f3n, Jos\u00e9 Brigante, Fabi\u00e1n Russo, Gast\u00f3n Urretz Zaval\u00eda, Ainalen Carassai, Lorena Iacopini, entre otros se lucieron sobre el escenario y convocaron a un importante n\u00famero de personas que colmaron el auditorio principal de la muestra.\u00a0<\/p><p>\u00abDesde el 2011 tenemos m\u00e1s del 50% del suelo con situaciones de pH que est\u00e1n por debajo de 6, le podr\u00eda decir que no tienen fijaci\u00f3n de nitr\u00f3geno por n\u00f3dulos, lo tiene que sacar del suelo y del suelo donde lo va a sacar, de los nitratos, que no siempre estamos bien, de hecho, estamos bastante mal, pero potencialmente si tengo materia org\u00e1nica me lo va a movilizar de la materia org\u00e1nica\u00bb, remarc\u00f3 Juan Lus, experto en forrajeras al hablar sobre los \u00abenemigos silencioso\u00bb.&nbsp;<\/p><figure class=\"wp-block-image size-large\"><a href=\"https:\/\/expoalfa.com.ar\/alfalfa\/wp-content\/uploads\/2024\/11\/Ronda-de-preguntas-e1732300138111.jpg\"><img loading=\"lazy\" decoding=\"async\" width=\"461\" height=\"1024\" src=\"https:\/\/expoalfa.com.ar\/alfalfa\/wp-content\/uploads\/2024\/11\/Ronda-de-preguntas-461x1024.jpg\" alt=\"\" class=\"wp-image-5521\" style=\"aspect-ratio:1;object-fit:cover\"\/><\/a><figcaption class=\"wp-element-caption\">Juan Lus, en la ronda de preguntas tras cerrar el bloque<\/figcaption><\/figure><p>\u00abHay una fuerte tendencia en Estados Unidos y en pa\u00edses europeos de revalorizar el rol que la alfalfa tiene en sus servicios ambientales, como protecci\u00f3n de la biodiversidad de fauna, mejorar los suelos. Tambi\u00e9n hay una oportunidad para diversificar mercados a los cuales est\u00e1 dirigido. Nosotros b\u00e1sicamente tenemos en mente el mercado de carne o leche, pero hay otros pa\u00edses en donde ya se est\u00e1 pensando en, no es que se est\u00e1 pensando, se usa para ovinos, caprinos, equinos y mascotas\u00bb, dijo Daniel Basigalup, asesor privado y ExINTA.&nbsp;<\/p><figure class=\"wp-block-image size-large\"><a href=\"https:\/\/expoalfa.com.ar\/alfalfa\/wp-content\/uploads\/2024\/11\/20241114_132143-scaled.jpg\"><img loading=\"lazy\" decoding=\"async\" width=\"1024\" height=\"577\" src=\"https:\/\/expoalfa.com.ar\/alfalfa\/wp-content\/uploads\/2024\/11\/20241114_132143-1024x577.jpg\" alt=\"\" class=\"wp-image-5522\" srcset=\"https:\/\/expoalfa.com.ar\/alfalfa\/wp-content\/uploads\/2024\/11\/20241114_132143-1024x577.jpg 1024w, https:\/\/expoalfa.com.ar\/alfalfa\/wp-content\/uploads\/2024\/11\/20241114_132143-300x169.jpg 300w, https:\/\/expoalfa.com.ar\/alfalfa\/wp-content\/uploads\/2024\/11\/20241114_132143-768x432.jpg 768w, https:\/\/expoalfa.com.ar\/alfalfa\/wp-content\/uploads\/2024\/11\/20241114_132143-1536x865.jpg 1536w, https:\/\/expoalfa.com.ar\/alfalfa\/wp-content\/uploads\/2024\/11\/20241114_132143-2048x1153.jpg 2048w\" sizes=\"(max-width: 1024px) 100vw, 1024px\" \/><\/a><figcaption class=\"wp-element-caption\">Daniel Basigalup, asesor privado.<\/figcaption><\/figure><p>Ya pasada las 15.30 horas tuvo lugar la din\u00e1mica de maquinarias forrajeras donde los \u00abfierros\u00bb estuvieron en acci\u00f3n y el p\u00fablico, que soport\u00f3 el intenso calor, pudo conocer y ahondar en detalles de los procesos tecnol\u00f3gicos que imponen las maquinarias.\u00a0<\/p><figure class=\"wp-block-gallery has-nested-images columns-default is-cropped wp-block-gallery-5 is-layout-flex wp-block-gallery-is-layout-flex\"><figure class=\"wp-block-image size-large\"><a href=\"https:\/\/expoalfa.com.ar\/alfalfa\/wp-content\/uploads\/2024\/11\/20241114_153543-scaled.jpg\"><img loading=\"lazy\" decoding=\"async\" width=\"1024\" height=\"577\" data-id=\"5531\" src=\"https:\/\/expoalfa.com.ar\/alfalfa\/wp-content\/uploads\/2024\/11\/20241114_153543-1024x577.jpg\" alt=\"\" class=\"wp-image-5531\" srcset=\"https:\/\/expoalfa.com.ar\/alfalfa\/wp-content\/uploads\/2024\/11\/20241114_153543-1024x577.jpg 1024w, https:\/\/expoalfa.com.ar\/alfalfa\/wp-content\/uploads\/2024\/11\/20241114_153543-300x169.jpg 300w, https:\/\/expoalfa.com.ar\/alfalfa\/wp-content\/uploads\/2024\/11\/20241114_153543-768x432.jpg 768w, https:\/\/expoalfa.com.ar\/alfalfa\/wp-content\/uploads\/2024\/11\/20241114_153543-1536x865.jpg 1536w, https:\/\/expoalfa.com.ar\/alfalfa\/wp-content\/uploads\/2024\/11\/20241114_153543-2048x1153.jpg 2048w\" sizes=\"(max-width: 1024px) 100vw, 1024px\" \/><\/a><\/figure>\n\n<figure class=\"wp-block-image size-large\"><a href=\"https:\/\/expoalfa.com.ar\/alfalfa\/wp-content\/uploads\/2024\/11\/20241114_154851-scaled.jpg\"><img loading=\"lazy\" decoding=\"async\" width=\"1024\" height=\"577\" data-id=\"5532\" src=\"https:\/\/expoalfa.com.ar\/alfalfa\/wp-content\/uploads\/2024\/11\/20241114_154851-1024x577.jpg\" alt=\"\" class=\"wp-image-5532\" srcset=\"https:\/\/expoalfa.com.ar\/alfalfa\/wp-content\/uploads\/2024\/11\/20241114_154851-1024x577.jpg 1024w, https:\/\/expoalfa.com.ar\/alfalfa\/wp-content\/uploads\/2024\/11\/20241114_154851-300x169.jpg 300w, https:\/\/expoalfa.com.ar\/alfalfa\/wp-content\/uploads\/2024\/11\/20241114_154851-768x432.jpg 768w, https:\/\/expoalfa.com.ar\/alfalfa\/wp-content\/uploads\/2024\/11\/20241114_154851-1536x865.jpg 1536w, https:\/\/expoalfa.com.ar\/alfalfa\/wp-content\/uploads\/2024\/11\/20241114_154851-2048x1153.jpg 2048w\" sizes=\"(max-width: 1024px) 100vw, 1024px\" \/><\/a><\/figure>\n\n<figure class=\"wp-block-image size-large\"><a href=\"https:\/\/expoalfa.com.ar\/alfalfa\/wp-content\/uploads\/2024\/11\/20241114_165820-scaled.jpg\"><img loading=\"lazy\" decoding=\"async\" width=\"1024\" height=\"577\" data-id=\"5524\" src=\"https:\/\/expoalfa.com.ar\/alfalfa\/wp-content\/uploads\/2024\/11\/20241114_165820-1024x577.jpg\" alt=\"\" class=\"wp-image-5524\" srcset=\"https:\/\/expoalfa.com.ar\/alfalfa\/wp-content\/uploads\/2024\/11\/20241114_165820-1024x577.jpg 1024w, https:\/\/expoalfa.com.ar\/alfalfa\/wp-content\/uploads\/2024\/11\/20241114_165820-300x169.jpg 300w, https:\/\/expoalfa.com.ar\/alfalfa\/wp-content\/uploads\/2024\/11\/20241114_165820-768x432.jpg 768w, https:\/\/expoalfa.com.ar\/alfalfa\/wp-content\/uploads\/2024\/11\/20241114_165820-1536x865.jpg 1536w, https:\/\/expoalfa.com.ar\/alfalfa\/wp-content\/uploads\/2024\/11\/20241114_165820-2048x1153.jpg 2048w\" sizes=\"(max-width: 1024px) 100vw, 1024px\" \/><\/a><\/figure>\n\n<figure class=\"wp-block-image size-large\"><a href=\"https:\/\/expoalfa.com.ar\/alfalfa\/wp-content\/uploads\/2024\/11\/20241114_162038-scaled.jpg\"><img loading=\"lazy\" decoding=\"async\" width=\"1024\" height=\"577\" data-id=\"5526\" src=\"https:\/\/expoalfa.com.ar\/alfalfa\/wp-content\/uploads\/2024\/11\/20241114_162038-1024x577.jpg\" alt=\"\" class=\"wp-image-5526\" srcset=\"https:\/\/expoalfa.com.ar\/alfalfa\/wp-content\/uploads\/2024\/11\/20241114_162038-1024x577.jpg 1024w, https:\/\/expoalfa.com.ar\/alfalfa\/wp-content\/uploads\/2024\/11\/20241114_162038-300x169.jpg 300w, https:\/\/expoalfa.com.ar\/alfalfa\/wp-content\/uploads\/2024\/11\/20241114_162038-768x432.jpg 768w, https:\/\/expoalfa.com.ar\/alfalfa\/wp-content\/uploads\/2024\/11\/20241114_162038-1536x865.jpg 1536w, https:\/\/expoalfa.com.ar\/alfalfa\/wp-content\/uploads\/2024\/11\/20241114_162038-2048x1153.jpg 2048w\" sizes=\"(max-width: 1024px) 100vw, 1024px\" \/><\/a><\/figure>\n\n<figure class=\"wp-block-image size-large\"><a href=\"https:\/\/expoalfa.com.ar\/alfalfa\/wp-content\/uploads\/2024\/11\/20241114_161708-scaled.jpg\"><img loading=\"lazy\" decoding=\"async\" width=\"1024\" height=\"577\" data-id=\"5527\" src=\"https:\/\/expoalfa.com.ar\/alfalfa\/wp-content\/uploads\/2024\/11\/20241114_161708-1024x577.jpg\" alt=\"\" class=\"wp-image-5527\" srcset=\"https:\/\/expoalfa.com.ar\/alfalfa\/wp-content\/uploads\/2024\/11\/20241114_161708-1024x577.jpg 1024w, https:\/\/expoalfa.com.ar\/alfalfa\/wp-content\/uploads\/2024\/11\/20241114_161708-300x169.jpg 300w, https:\/\/expoalfa.com.ar\/alfalfa\/wp-content\/uploads\/2024\/11\/20241114_161708-768x432.jpg 768w, https:\/\/expoalfa.com.ar\/alfalfa\/wp-content\/uploads\/2024\/11\/20241114_161708-1536x865.jpg 1536w, https:\/\/expoalfa.com.ar\/alfalfa\/wp-content\/uploads\/2024\/11\/20241114_161708-2048x1153.jpg 2048w\" sizes=\"(max-width: 1024px) 100vw, 1024px\" \/><\/a><\/figure>\n\n<figure class=\"wp-block-image size-large\"><a href=\"https:\/\/expoalfa.com.ar\/alfalfa\/wp-content\/uploads\/2024\/11\/20241114_161322-scaled.jpg\"><img loading=\"lazy\" decoding=\"async\" width=\"1024\" height=\"577\" data-id=\"5528\" src=\"https:\/\/expoalfa.com.ar\/alfalfa\/wp-content\/uploads\/2024\/11\/20241114_161322-1024x577.jpg\" alt=\"\" class=\"wp-image-5528\" srcset=\"https:\/\/expoalfa.com.ar\/alfalfa\/wp-content\/uploads\/2024\/11\/20241114_161322-1024x577.jpg 1024w, https:\/\/expoalfa.com.ar\/alfalfa\/wp-content\/uploads\/2024\/11\/20241114_161322-300x169.jpg 300w, https:\/\/expoalfa.com.ar\/alfalfa\/wp-content\/uploads\/2024\/11\/20241114_161322-768x432.jpg 768w, https:\/\/expoalfa.com.ar\/alfalfa\/wp-content\/uploads\/2024\/11\/20241114_161322-1536x865.jpg 1536w, https:\/\/expoalfa.com.ar\/alfalfa\/wp-content\/uploads\/2024\/11\/20241114_161322-2048x1153.jpg 2048w\" sizes=\"(max-width: 1024px) 100vw, 1024px\" \/><\/a><\/figure>\n\n<figure class=\"wp-block-image size-large\"><a href=\"https:\/\/expoalfa.com.ar\/alfalfa\/wp-content\/uploads\/2024\/11\/Imagen-de-WhatsApp-2024-11-22-a-las-15.38.59_b6294753.jpg\"><img loading=\"lazy\" decoding=\"async\" width=\"503\" height=\"420\" data-id=\"5529\" src=\"https:\/\/expoalfa.com.ar\/alfalfa\/wp-content\/uploads\/2024\/11\/Imagen-de-WhatsApp-2024-11-22-a-las-15.38.59_b6294753.jpg\" alt=\"\" class=\"wp-image-5529\" srcset=\"https:\/\/expoalfa.com.ar\/alfalfa\/wp-content\/uploads\/2024\/11\/Imagen-de-WhatsApp-2024-11-22-a-las-15.38.59_b6294753.jpg 503w, https:\/\/expoalfa.com.ar\/alfalfa\/wp-content\/uploads\/2024\/11\/Imagen-de-WhatsApp-2024-11-22-a-las-15.38.59_b6294753-300x250.jpg 300w\" sizes=\"(max-width: 503px) 100vw, 503px\" \/><\/a><\/figure>\n\n<figure class=\"wp-block-image size-large\"><a href=\"https:\/\/expoalfa.com.ar\/alfalfa\/wp-content\/uploads\/2024\/11\/20241114_164632-scaled.jpg\"><img loading=\"lazy\" decoding=\"async\" width=\"1024\" height=\"577\" data-id=\"5525\" src=\"https:\/\/expoalfa.com.ar\/alfalfa\/wp-content\/uploads\/2024\/11\/20241114_164632-1024x577.jpg\" alt=\"\" class=\"wp-image-5525\" srcset=\"https:\/\/expoalfa.com.ar\/alfalfa\/wp-content\/uploads\/2024\/11\/20241114_164632-1024x577.jpg 1024w, https:\/\/expoalfa.com.ar\/alfalfa\/wp-content\/uploads\/2024\/11\/20241114_164632-300x169.jpg 300w, https:\/\/expoalfa.com.ar\/alfalfa\/wp-content\/uploads\/2024\/11\/20241114_164632-768x432.jpg 768w, https:\/\/expoalfa.com.ar\/alfalfa\/wp-content\/uploads\/2024\/11\/20241114_164632-1536x865.jpg 1536w, https:\/\/expoalfa.com.ar\/alfalfa\/wp-content\/uploads\/2024\/11\/20241114_164632-2048x1153.jpg 2048w\" sizes=\"(max-width: 1024px) 100vw, 1024px\" \/><\/a><\/figure>\n\n<figure class=\"wp-block-image size-large\"><a href=\"https:\/\/expoalfa.com.ar\/alfalfa\/wp-content\/uploads\/2024\/11\/20241114_163114-scaled.jpg\"><img loading=\"lazy\" decoding=\"async\" width=\"1024\" height=\"577\" data-id=\"5533\" src=\"https:\/\/expoalfa.com.ar\/alfalfa\/wp-content\/uploads\/2024\/11\/20241114_163114-1024x577.jpg\" alt=\"\" class=\"wp-image-5533\" srcset=\"https:\/\/expoalfa.com.ar\/alfalfa\/wp-content\/uploads\/2024\/11\/20241114_163114-1024x577.jpg 1024w, https:\/\/expoalfa.com.ar\/alfalfa\/wp-content\/uploads\/2024\/11\/20241114_163114-300x169.jpg 300w, https:\/\/expoalfa.com.ar\/alfalfa\/wp-content\/uploads\/2024\/11\/20241114_163114-768x432.jpg 768w, https:\/\/expoalfa.com.ar\/alfalfa\/wp-content\/uploads\/2024\/11\/20241114_163114-1536x865.jpg 1536w, https:\/\/expoalfa.com.ar\/alfalfa\/wp-content\/uploads\/2024\/11\/20241114_163114-2048x1153.jpg 2048w\" sizes=\"(max-width: 1024px) 100vw, 1024px\" \/><\/a><\/figure><figcaption class=\"blocks-gallery-caption wp-element-caption\">Din\u00e1mica de maquinarias forrajeras<\/figcaption><\/figure><p>Desde la organizaci\u00f3n se mostraron conformes por el nivel y capacidad de los disertantes, los diversos stands tanto internos como externos que le dieron color y calidad a la muestra, y por la convocatoria del p\u00fablico.\u00a0<\/p>","protected":false},"excerpt":{"rendered":"<p>Durante dos jornadas, ExpoAlfa logr\u00f3 convocar a un calificado p\u00fablico que particip\u00f3 de jornadas con los disertantes m\u00e1s destacados, ronda de negocios, muestra est\u00e1tica y una din\u00e1mica de maquinarias de primer nivel.  <\/p>\n","protected":false},"author":2,"featured_media":5498,"comment_status":"open","ping_status":"open","sticky":false,"template":"","format":"standard","meta":{"footnotes":""},"categories":[12],"tags":[11,77,79,6,5,80,78,10,7,8,81,55],"class_list":["post-5497","post","type-post","status-publish","format-standard","has-post-thumbnail","hentry","category-expo","tag-alfalfa","tag-cierre","tag-edicion","tag-esperanza","tag-expoalfa-2024","tag-fierros","tag-final","tag-forrajes","tag-novedades","tag-produccion","tag-ronda-de-negocios","tag-universidad-nacional-litoral"],"yoast_head":"<!-- This site is optimized with the Yoast SEO plugin v25.1 - https:\/\/yoast.com\/wordpress\/plugins\/seo\/ -->\n<title>Desde Esperanza, la alfalfa se ubic\u00f3 en el centro de la escena nacional\u00a0 - ExpoAlfa Jornada 2025<\/title>\n<meta name=\"robots\" content=\"index, follow, max-snippet:-1, max-image-preview:large, max-video-preview:-1\" \/>\n<link rel=\"canonical\" href=\"https:\/\/expoalfa.com.ar\/alfalfa\/desde-esperanza-la-alfalfa-se-ubico-en-el-centro-de-la-escena-nacional\/\" \/>\n<meta property=\"og:locale\" content=\"es_ES\" \/>\n<meta property=\"og:type\" content=\"article\" \/>\n<meta property=\"og:title\" content=\"Desde Esperanza, la alfalfa se ubic\u00f3 en el centro de la escena nacional\u00a0 - ExpoAlfa Jornada 2025\" \/>\n<meta property=\"og:description\" content=\"Durante dos jornadas, ExpoAlfa logr\u00f3 convocar a un calificado p\u00fablico que particip\u00f3 de jornadas con los disertantes m\u00e1s destacados, ronda de negocios, muestra est\u00e1tica y una din\u00e1mica de maquinarias de primer nivel.\" \/>\n<meta property=\"og:url\" content=\"https:\/\/expoalfa.com.ar\/alfalfa\/desde-esperanza-la-alfalfa-se-ubico-en-el-centro-de-la-escena-nacional\/\" \/>\n<meta property=\"og:site_name\" content=\"ExpoAlfa Jornada 2025\" \/>\n<meta property=\"article:publisher\" content=\"https:\/\/www.facebook.com\/expoalfa\/\" \/>\n<meta property=\"article:published_time\" content=\"2024-11-22T18:58:58+00:00\" \/>\n<meta property=\"article:modified_time\" content=\"2024-11-23T12:10:21+00:00\" \/>\n<meta property=\"og:image\" content=\"https:\/\/expoalfa.com.ar\/alfalfa\/wp-content\/uploads\/2024\/11\/lv_0_20241121171946.gif\" \/>\n\t<meta property=\"og:image:width\" content=\"240\" \/>\n\t<meta property=\"og:image:height\" content=\"240\" \/>\n\t<meta property=\"og:image:type\" content=\"image\/gif\" \/>\n<meta name=\"author\" content=\"c1381075\" \/>\n<meta name=\"twitter:card\" content=\"summary_large_image\" \/>\n<meta name=\"twitter:label1\" content=\"Escrito por\" \/>\n\t<meta name=\"twitter:data1\" content=\"c1381075\" \/>\n\t<meta name=\"twitter:label2\" content=\"Tiempo de lectura\" \/>\n\t<meta name=\"twitter:data2\" content=\"13 minutos\" \/>\n<script type=\"application\/ld+json\" class=\"yoast-schema-graph\">{\"@context\":\"https:\/\/schema.org\",\"@graph\":[{\"@type\":\"Article\",\"@id\":\"https:\/\/expoalfa.com.ar\/alfalfa\/desde-esperanza-la-alfalfa-se-ubico-en-el-centro-de-la-escena-nacional\/#article\",\"isPartOf\":{\"@id\":\"https:\/\/expoalfa.com.ar\/alfalfa\/desde-esperanza-la-alfalfa-se-ubico-en-el-centro-de-la-escena-nacional\/\"},\"author\":{\"name\":\"c1381075\",\"@id\":\"https:\/\/expoalfa.com.ar\/alfalfa\/#\/schema\/person\/60508db5a29f1787249735fb7f395e69\"},\"headline\":\"Desde Esperanza, la alfalfa se ubic\u00f3 en el centro de la escena nacional\u00a0\",\"datePublished\":\"2024-11-22T18:58:58+00:00\",\"dateModified\":\"2024-11-23T12:10:21+00:00\",\"mainEntityOfPage\":{\"@id\":\"https:\/\/expoalfa.com.ar\/alfalfa\/desde-esperanza-la-alfalfa-se-ubico-en-el-centro-de-la-escena-nacional\/\"},\"wordCount\":1364,\"commentCount\":0,\"publisher\":{\"@id\":\"https:\/\/expoalfa.com.ar\/alfalfa\/#organization\"},\"image\":{\"@id\":\"https:\/\/expoalfa.com.ar\/alfalfa\/desde-esperanza-la-alfalfa-se-ubico-en-el-centro-de-la-escena-nacional\/#primaryimage\"},\"thumbnailUrl\":\"https:\/\/expoalfa.com.ar\/alfalfa\/wp-content\/uploads\/2024\/11\/lv_0_20241121171946.gif\",\"keywords\":[\"Alfalfa\",\"Cierre\",\"Edici\u00f3n\",\"Esperanza\",\"ExpoAlfa 2024\",\"Fierros\",\"Final\",\"Forrajes\",\"Novedades\",\"Producci\u00f3n\",\"Ronda de Negocios\",\"Universidad Nacional Litoral\"],\"articleSection\":[\"Expo\"],\"inLanguage\":\"es\",\"potentialAction\":[{\"@type\":\"CommentAction\",\"name\":\"Comment\",\"target\":[\"https:\/\/expoalfa.com.ar\/alfalfa\/desde-esperanza-la-alfalfa-se-ubico-en-el-centro-de-la-escena-nacional\/#respond\"]}]},{\"@type\":\"WebPage\",\"@id\":\"https:\/\/expoalfa.com.ar\/alfalfa\/desde-esperanza-la-alfalfa-se-ubico-en-el-centro-de-la-escena-nacional\/\",\"url\":\"https:\/\/expoalfa.com.ar\/alfalfa\/desde-esperanza-la-alfalfa-se-ubico-en-el-centro-de-la-escena-nacional\/\",\"name\":\"Desde Esperanza, la alfalfa se ubic\u00f3 en el centro de la escena nacional\u00a0 - ExpoAlfa Jornada 2025\",\"isPartOf\":{\"@id\":\"https:\/\/expoalfa.com.ar\/alfalfa\/#website\"},\"primaryImageOfPage\":{\"@id\":\"https:\/\/expoalfa.com.ar\/alfalfa\/desde-esperanza-la-alfalfa-se-ubico-en-el-centro-de-la-escena-nacional\/#primaryimage\"},\"image\":{\"@id\":\"https:\/\/expoalfa.com.ar\/alfalfa\/desde-esperanza-la-alfalfa-se-ubico-en-el-centro-de-la-escena-nacional\/#primaryimage\"},\"thumbnailUrl\":\"https:\/\/expoalfa.com.ar\/alfalfa\/wp-content\/uploads\/2024\/11\/lv_0_20241121171946.gif\",\"datePublished\":\"2024-11-22T18:58:58+00:00\",\"dateModified\":\"2024-11-23T12:10:21+00:00\",\"breadcrumb\":{\"@id\":\"https:\/\/expoalfa.com.ar\/alfalfa\/desde-esperanza-la-alfalfa-se-ubico-en-el-centro-de-la-escena-nacional\/#breadcrumb\"},\"inLanguage\":\"es\",\"potentialAction\":[{\"@type\":\"ReadAction\",\"target\":[\"https:\/\/expoalfa.com.ar\/alfalfa\/desde-esperanza-la-alfalfa-se-ubico-en-el-centro-de-la-escena-nacional\/\"]}]},{\"@type\":\"ImageObject\",\"inLanguage\":\"es\",\"@id\":\"https:\/\/expoalfa.com.ar\/alfalfa\/desde-esperanza-la-alfalfa-se-ubico-en-el-centro-de-la-escena-nacional\/#primaryimage\",\"url\":\"https:\/\/expoalfa.com.ar\/alfalfa\/wp-content\/uploads\/2024\/11\/lv_0_20241121171946.gif\",\"contentUrl\":\"https:\/\/expoalfa.com.ar\/alfalfa\/wp-content\/uploads\/2024\/11\/lv_0_20241121171946.gif\",\"width\":240,\"height\":240},{\"@type\":\"BreadcrumbList\",\"@id\":\"https:\/\/expoalfa.com.ar\/alfalfa\/desde-esperanza-la-alfalfa-se-ubico-en-el-centro-de-la-escena-nacional\/#breadcrumb\",\"itemListElement\":[{\"@type\":\"ListItem\",\"position\":1,\"name\":\"Portada\",\"item\":\"https:\/\/expoalfa.com.ar\/alfalfa\/\"},{\"@type\":\"ListItem\",\"position\":2,\"name\":\"Desde Esperanza, la alfalfa se ubic\u00f3 en el centro de la escena nacional\u00a0\"}]},{\"@type\":\"WebSite\",\"@id\":\"https:\/\/expoalfa.com.ar\/alfalfa\/#website\",\"url\":\"https:\/\/expoalfa.com.ar\/alfalfa\/\",\"name\":\"ExpoAlfa 2024\",\"description\":\"\",\"publisher\":{\"@id\":\"https:\/\/expoalfa.com.ar\/alfalfa\/#organization\"},\"potentialAction\":[{\"@type\":\"SearchAction\",\"target\":{\"@type\":\"EntryPoint\",\"urlTemplate\":\"https:\/\/expoalfa.com.ar\/alfalfa\/?s={search_term_string}\"},\"query-input\":{\"@type\":\"PropertyValueSpecification\",\"valueRequired\":true,\"valueName\":\"search_term_string\"}}],\"inLanguage\":\"es\"},{\"@type\":\"Organization\",\"@id\":\"https:\/\/expoalfa.com.ar\/alfalfa\/#organization\",\"name\":\"ExpoAlfa 2024\",\"url\":\"https:\/\/expoalfa.com.ar\/alfalfa\/\",\"logo\":{\"@type\":\"ImageObject\",\"inLanguage\":\"es\",\"@id\":\"https:\/\/expoalfa.com.ar\/alfalfa\/#\/schema\/logo\/image\/\",\"url\":\"https:\/\/expoalfa.com.ar\/alfalfa\/wp-content\/uploads\/2024\/05\/cropped-Mesa-de-trabajo-32-e1716558195280.png\",\"contentUrl\":\"https:\/\/expoalfa.com.ar\/alfalfa\/wp-content\/uploads\/2024\/05\/cropped-Mesa-de-trabajo-32-e1716558195280.png\",\"width\":512,\"height\":512,\"caption\":\"ExpoAlfa 2024\"},\"image\":{\"@id\":\"https:\/\/expoalfa.com.ar\/alfalfa\/#\/schema\/logo\/image\/\"},\"sameAs\":[\"https:\/\/www.facebook.com\/expoalfa\/\",\"https:\/\/www.instagram.com\/expoalfa\",\"https:\/\/www.youtube.com\/@TodoAlfalfa\"]},{\"@type\":\"Person\",\"@id\":\"https:\/\/expoalfa.com.ar\/alfalfa\/#\/schema\/person\/60508db5a29f1787249735fb7f395e69\",\"name\":\"c1381075\",\"image\":{\"@type\":\"ImageObject\",\"inLanguage\":\"es\",\"@id\":\"https:\/\/expoalfa.com.ar\/alfalfa\/#\/schema\/person\/image\/\",\"url\":\"https:\/\/secure.gravatar.com\/avatar\/53d9cdf8eef2f7ba8c38ed47b72c54cf5395a169ee26ff1592cae5aea669a0d3?s=96&d=mm&r=g\",\"contentUrl\":\"https:\/\/secure.gravatar.com\/avatar\/53d9cdf8eef2f7ba8c38ed47b72c54cf5395a169ee26ff1592cae5aea669a0d3?s=96&d=mm&r=g\",\"caption\":\"c1381075\"},\"url\":\"https:\/\/expoalfa.com.ar\/alfalfa\/author\/c1381075\/\"}]}<\/script>\n<!-- \/ Yoast SEO plugin. -->","yoast_head_json":{"title":"Desde Esperanza, la alfalfa se ubic\u00f3 en el centro de la escena nacional\u00a0 - ExpoAlfa Jornada 2025","robots":{"index":"index","follow":"follow","max-snippet":"max-snippet:-1","max-image-preview":"max-image-preview:large","max-video-preview":"max-video-preview:-1"},"canonical":"https:\/\/expoalfa.com.ar\/alfalfa\/desde-esperanza-la-alfalfa-se-ubico-en-el-centro-de-la-escena-nacional\/","og_locale":"es_ES","og_type":"article","og_title":"Desde Esperanza, la alfalfa se ubic\u00f3 en el centro de la escena nacional\u00a0 - ExpoAlfa Jornada 2025","og_description":"Durante dos jornadas, ExpoAlfa logr\u00f3 convocar a un calificado p\u00fablico que particip\u00f3 de jornadas con los disertantes m\u00e1s destacados, ronda de negocios, muestra est\u00e1tica y una din\u00e1mica de maquinarias de primer nivel.","og_url":"https:\/\/expoalfa.com.ar\/alfalfa\/desde-esperanza-la-alfalfa-se-ubico-en-el-centro-de-la-escena-nacional\/","og_site_name":"ExpoAlfa Jornada 2025","article_publisher":"https:\/\/www.facebook.com\/expoalfa\/","article_published_time":"2024-11-22T18:58:58+00:00","article_modified_time":"2024-11-23T12:10:21+00:00","og_image":[{"url":"https:\/\/expoalfa.com.ar\/alfalfa\/wp-content\/uploads\/2024\/11\/lv_0_20241121171946.gif","width":240,"height":240,"type":"image\/gif"}],"author":"c1381075","twitter_card":"summary_large_image","twitter_misc":{"Escrito por":"c1381075","Tiempo de lectura":"13 minutos"},"schema":{"@context":"https:\/\/schema.org","@graph":[{"@type":"Article","@id":"https:\/\/expoalfa.com.ar\/alfalfa\/desde-esperanza-la-alfalfa-se-ubico-en-el-centro-de-la-escena-nacional\/#article","isPartOf":{"@id":"https:\/\/expoalfa.com.ar\/alfalfa\/desde-esperanza-la-alfalfa-se-ubico-en-el-centro-de-la-escena-nacional\/"},"author":{"name":"c1381075","@id":"https:\/\/expoalfa.com.ar\/alfalfa\/#\/schema\/person\/60508db5a29f1787249735fb7f395e69"},"headline":"Desde Esperanza, la alfalfa se ubic\u00f3 en el centro de la escena nacional\u00a0","datePublished":"2024-11-22T18:58:58+00:00","dateModified":"2024-11-23T12:10:21+00:00","mainEntityOfPage":{"@id":"https:\/\/expoalfa.com.ar\/alfalfa\/desde-esperanza-la-alfalfa-se-ubico-en-el-centro-de-la-escena-nacional\/"},"wordCount":1364,"commentCount":0,"publisher":{"@id":"https:\/\/expoalfa.com.ar\/alfalfa\/#organization"},"image":{"@id":"https:\/\/expoalfa.com.ar\/alfalfa\/desde-esperanza-la-alfalfa-se-ubico-en-el-centro-de-la-escena-nacional\/#primaryimage"},"thumbnailUrl":"https:\/\/expoalfa.com.ar\/alfalfa\/wp-content\/uploads\/2024\/11\/lv_0_20241121171946.gif","keywords":["Alfalfa","Cierre","Edici\u00f3n","Esperanza","ExpoAlfa 2024","Fierros","Final","Forrajes","Novedades","Producci\u00f3n","Ronda de Negocios","Universidad Nacional Litoral"],"articleSection":["Expo"],"inLanguage":"es","potentialAction":[{"@type":"CommentAction","name":"Comment","target":["https:\/\/expoalfa.com.ar\/alfalfa\/desde-esperanza-la-alfalfa-se-ubico-en-el-centro-de-la-escena-nacional\/#respond"]}]},{"@type":"WebPage","@id":"https:\/\/expoalfa.com.ar\/alfalfa\/desde-esperanza-la-alfalfa-se-ubico-en-el-centro-de-la-escena-nacional\/","url":"https:\/\/expoalfa.com.ar\/alfalfa\/desde-esperanza-la-alfalfa-se-ubico-en-el-centro-de-la-escena-nacional\/","name":"Desde Esperanza, la alfalfa se ubic\u00f3 en el centro de la escena nacional\u00a0 - ExpoAlfa Jornada 2025","isPartOf":{"@id":"https:\/\/expoalfa.com.ar\/alfalfa\/#website"},"primaryImageOfPage":{"@id":"https:\/\/expoalfa.com.ar\/alfalfa\/desde-esperanza-la-alfalfa-se-ubico-en-el-centro-de-la-escena-nacional\/#primaryimage"},"image":{"@id":"https:\/\/expoalfa.com.ar\/alfalfa\/desde-esperanza-la-alfalfa-se-ubico-en-el-centro-de-la-escena-nacional\/#primaryimage"},"thumbnailUrl":"https:\/\/expoalfa.com.ar\/alfalfa\/wp-content\/uploads\/2024\/11\/lv_0_20241121171946.gif","datePublished":"2024-11-22T18:58:58+00:00","dateModified":"2024-11-23T12:10:21+00:00","breadcrumb":{"@id":"https:\/\/expoalfa.com.ar\/alfalfa\/desde-esperanza-la-alfalfa-se-ubico-en-el-centro-de-la-escena-nacional\/#breadcrumb"},"inLanguage":"es","potentialAction":[{"@type":"ReadAction","target":["https:\/\/expoalfa.com.ar\/alfalfa\/desde-esperanza-la-alfalfa-se-ubico-en-el-centro-de-la-escena-nacional\/"]}]},{"@type":"ImageObject","inLanguage":"es","@id":"https:\/\/expoalfa.com.ar\/alfalfa\/desde-esperanza-la-alfalfa-se-ubico-en-el-centro-de-la-escena-nacional\/#primaryimage","url":"https:\/\/expoalfa.com.ar\/alfalfa\/wp-content\/uploads\/2024\/11\/lv_0_20241121171946.gif","contentUrl":"https:\/\/expoalfa.com.ar\/alfalfa\/wp-content\/uploads\/2024\/11\/lv_0_20241121171946.gif","width":240,"height":240},{"@type":"BreadcrumbList","@id":"https:\/\/expoalfa.com.ar\/alfalfa\/desde-esperanza-la-alfalfa-se-ubico-en-el-centro-de-la-escena-nacional\/#breadcrumb","itemListElement":[{"@type":"ListItem","position":1,"name":"Portada","item":"https:\/\/expoalfa.com.ar\/alfalfa\/"},{"@type":"ListItem","position":2,"name":"Desde Esperanza, la alfalfa se ubic\u00f3 en el centro de la escena nacional\u00a0"}]},{"@type":"WebSite","@id":"https:\/\/expoalfa.com.ar\/alfalfa\/#website","url":"https:\/\/expoalfa.com.ar\/alfalfa\/","name":"ExpoAlfa 2024","description":"","publisher":{"@id":"https:\/\/expoalfa.com.ar\/alfalfa\/#organization"},"potentialAction":[{"@type":"SearchAction","target":{"@type":"EntryPoint","urlTemplate":"https:\/\/expoalfa.com.ar\/alfalfa\/?s={search_term_string}"},"query-input":{"@type":"PropertyValueSpecification","valueRequired":true,"valueName":"search_term_string"}}],"inLanguage":"es"},{"@type":"Organization","@id":"https:\/\/expoalfa.com.ar\/alfalfa\/#organization","name":"ExpoAlfa 2024","url":"https:\/\/expoalfa.com.ar\/alfalfa\/","logo":{"@type":"ImageObject","inLanguage":"es","@id":"https:\/\/expoalfa.com.ar\/alfalfa\/#\/schema\/logo\/image\/","url":"https:\/\/expoalfa.com.ar\/alfalfa\/wp-content\/uploads\/2024\/05\/cropped-Mesa-de-trabajo-32-e1716558195280.png","contentUrl":"https:\/\/expoalfa.com.ar\/alfalfa\/wp-content\/uploads\/2024\/05\/cropped-Mesa-de-trabajo-32-e1716558195280.png","width":512,"height":512,"caption":"ExpoAlfa 2024"},"image":{"@id":"https:\/\/expoalfa.com.ar\/alfalfa\/#\/schema\/logo\/image\/"},"sameAs":["https:\/\/www.facebook.com\/expoalfa\/","https:\/\/www.instagram.com\/expoalfa","https:\/\/www.youtube.com\/@TodoAlfalfa"]},{"@type":"Person","@id":"https:\/\/expoalfa.com.ar\/alfalfa\/#\/schema\/person\/60508db5a29f1787249735fb7f395e69","name":"c1381075","image":{"@type":"ImageObject","inLanguage":"es","@id":"https:\/\/expoalfa.com.ar\/alfalfa\/#\/schema\/person\/image\/","url":"https:\/\/secure.gravatar.com\/avatar\/53d9cdf8eef2f7ba8c38ed47b72c54cf5395a169ee26ff1592cae5aea669a0d3?s=96&d=mm&r=g","contentUrl":"https:\/\/secure.gravatar.com\/avatar\/53d9cdf8eef2f7ba8c38ed47b72c54cf5395a169ee26ff1592cae5aea669a0d3?s=96&d=mm&r=g","caption":"c1381075"},"url":"https:\/\/expoalfa.com.ar\/alfalfa\/author\/c1381075\/"}]}},"jetpack_featured_media_url":"https:\/\/expoalfa.com.ar\/alfalfa\/wp-content\/uploads\/2024\/11\/lv_0_20241121171946.gif","_links":{"self":[{"href":"https:\/\/expoalfa.com.ar\/alfalfa\/wp-json\/wp\/v2\/posts\/5497","targetHints":{"allow":["GET"]}}],"collection":[{"href":"https:\/\/expoalfa.com.ar\/alfalfa\/wp-json\/wp\/v2\/posts"}],"about":[{"href":"https:\/\/expoalfa.com.ar\/alfalfa\/wp-json\/wp\/v2\/types\/post"}],"author":[{"embeddable":true,"href":"https:\/\/expoalfa.com.ar\/alfalfa\/wp-json\/wp\/v2\/users\/2"}],"replies":[{"embeddable":true,"href":"https:\/\/expoalfa.com.ar\/alfalfa\/wp-json\/wp\/v2\/comments?post=5497"}],"version-history":[{"count":6,"href":"https:\/\/expoalfa.com.ar\/alfalfa\/wp-json\/wp\/v2\/posts\/5497\/revisions"}],"predecessor-version":[{"id":5554,"href":"https:\/\/expoalfa.com.ar\/alfalfa\/wp-json\/wp\/v2\/posts\/5497\/revisions\/5554"}],"wp:featuredmedia":[{"embeddable":true,"href":"https:\/\/expoalfa.com.ar\/alfalfa\/wp-json\/wp\/v2\/media\/5498"}],"wp:attachment":[{"href":"https:\/\/expoalfa.com.ar\/alfalfa\/wp-json\/wp\/v2\/media?parent=5497"}],"wp:term":[{"taxonomy":"category","embeddable":true,"href":"https:\/\/expoalfa.com.ar\/alfalfa\/wp-json\/wp\/v2\/categories?post=5497"},{"taxonomy":"post_tag","embeddable":true,"href":"https:\/\/expoalfa.com.ar\/alfalfa\/wp-json\/wp\/v2\/tags?post=5497"}],"curies":[{"name":"wp","href":"https:\/\/api.w.org\/{rel}","templated":true}]}}