{"id":8830,"date":"2025-10-19T13:20:29","date_gmt":"2025-10-19T13:20:29","guid":{"rendered":"https:\/\/expoalfa.com.ar\/alfalfa\/?p=8830"},"modified":"2025-10-19T13:20:31","modified_gmt":"2025-10-19T13:20:31","slug":"producir-mas-o-ser-mas-eficientes","status":"publish","type":"post","link":"https:\/\/expoalfa.com.ar\/alfalfa\/producir-mas-o-ser-mas-eficientes\/","title":{"rendered":"\u00bfProducir m\u00e1s o ser m\u00e1s eficientes?"},"content":{"rendered":"<p>Con un desaf\u00edo contundente a los sistemas lecheros de la regi\u00f3n y a los productores de pasturas de alfalfa, la ingeniera agr\u00f3noma In\u00e9s Brance Bonvini (docente de la Universidad Nacional del Litoral) dej\u00f3 un mensaje claro: \u201cel camino hacia una mayor rentabilidad no pasa por producir m\u00e1s forraje, sino por mejorar radicalmente la eficiencia con la que se cosecha el pasto ya existente\u201d.&nbsp;<\/p><p>Este cambio de paradigma, enfocado en capitalizar lo que ya est\u00e1 en el campo, representa una oportunidad econ\u00f3mica crucial que muchos productores est\u00e1n pasando por alto.<\/p><figure class=\"wp-block-gallery has-nested-images columns-default is-cropped wp-block-gallery-1 is-layout-flex wp-block-gallery-is-layout-flex\"><figure class=\"wp-block-image\"><img fetchpriority=\"high\" decoding=\"async\" width=\"860\" height=\"477\" data-id=\"8833\" src=\"https:\/\/expoalfa.com.ar\/alfalfa\/wp-content\/uploads\/2025\/10\/Captura-de-pantalla-2025-10-19-094635.png\" alt=\"\" class=\"wp-image-8833\" srcset=\"https:\/\/expoalfa.com.ar\/alfalfa\/wp-content\/uploads\/2025\/10\/Captura-de-pantalla-2025-10-19-094635.png 860w, https:\/\/expoalfa.com.ar\/alfalfa\/wp-content\/uploads\/2025\/10\/Captura-de-pantalla-2025-10-19-094635-300x166.png 300w, https:\/\/expoalfa.com.ar\/alfalfa\/wp-content\/uploads\/2025\/10\/Captura-de-pantalla-2025-10-19-094635-768x426.png 768w, https:\/\/expoalfa.com.ar\/alfalfa\/wp-content\/uploads\/2025\/10\/Captura-de-pantalla-2025-10-19-094635-600x333.png 600w\" sizes=\"(max-width: 860px) 100vw, 860px\" \/><\/figure>\n\n<figure class=\"wp-block-image\"><img decoding=\"async\" width=\"861\" height=\"484\" data-id=\"8834\" src=\"https:\/\/expoalfa.com.ar\/alfalfa\/wp-content\/uploads\/2025\/10\/Captura-de-pantalla-2025-10-19-094644.png\" alt=\"\" class=\"wp-image-8834\" srcset=\"https:\/\/expoalfa.com.ar\/alfalfa\/wp-content\/uploads\/2025\/10\/Captura-de-pantalla-2025-10-19-094644.png 861w, https:\/\/expoalfa.com.ar\/alfalfa\/wp-content\/uploads\/2025\/10\/Captura-de-pantalla-2025-10-19-094644-300x169.png 300w, https:\/\/expoalfa.com.ar\/alfalfa\/wp-content\/uploads\/2025\/10\/Captura-de-pantalla-2025-10-19-094644-768x432.png 768w, https:\/\/expoalfa.com.ar\/alfalfa\/wp-content\/uploads\/2025\/10\/Captura-de-pantalla-2025-10-19-094644-600x337.png 600w\" sizes=\"(max-width: 861px) 100vw, 861px\" \/><\/figure>\n\n<figure class=\"wp-block-image\"><img decoding=\"async\" width=\"862\" height=\"484\" data-id=\"8835\" src=\"https:\/\/expoalfa.com.ar\/alfalfa\/wp-content\/uploads\/2025\/10\/Captura-de-pantalla-2025-10-19-094653.png\" alt=\"\" class=\"wp-image-8835\" srcset=\"https:\/\/expoalfa.com.ar\/alfalfa\/wp-content\/uploads\/2025\/10\/Captura-de-pantalla-2025-10-19-094653.png 862w, https:\/\/expoalfa.com.ar\/alfalfa\/wp-content\/uploads\/2025\/10\/Captura-de-pantalla-2025-10-19-094653-300x168.png 300w, https:\/\/expoalfa.com.ar\/alfalfa\/wp-content\/uploads\/2025\/10\/Captura-de-pantalla-2025-10-19-094653-768x431.png 768w, https:\/\/expoalfa.com.ar\/alfalfa\/wp-content\/uploads\/2025\/10\/Captura-de-pantalla-2025-10-19-094653-600x337.png 600w\" sizes=\"(max-width: 862px) 100vw, 862px\" \/><\/figure>\n\n<figure class=\"wp-block-image\"><img loading=\"lazy\" decoding=\"async\" width=\"860\" height=\"484\" data-id=\"8836\" src=\"https:\/\/expoalfa.com.ar\/alfalfa\/wp-content\/uploads\/2025\/10\/Captura-de-pantalla-2025-10-19-094704.png\" alt=\"\" class=\"wp-image-8836\" srcset=\"https:\/\/expoalfa.com.ar\/alfalfa\/wp-content\/uploads\/2025\/10\/Captura-de-pantalla-2025-10-19-094704.png 860w, https:\/\/expoalfa.com.ar\/alfalfa\/wp-content\/uploads\/2025\/10\/Captura-de-pantalla-2025-10-19-094704-300x169.png 300w, https:\/\/expoalfa.com.ar\/alfalfa\/wp-content\/uploads\/2025\/10\/Captura-de-pantalla-2025-10-19-094704-768x432.png 768w, https:\/\/expoalfa.com.ar\/alfalfa\/wp-content\/uploads\/2025\/10\/Captura-de-pantalla-2025-10-19-094704-600x338.png 600w\" sizes=\"(max-width: 860px) 100vw, 860px\" \/><\/figure><\/figure><p class=\"has-medium-font-size\"><strong>El costo oculto de la ineficiencia: M\u00e1s all\u00e1 de producir m\u00e1s pasto<\/strong><\/p><p>El principal obst\u00e1culo para la rentabilidad en muchos sistemas lecheros no es la falta de forraje, sino una alarmante brecha en su aprovechamiento. La Ing. Brance Bonvini expuso una realidad inc\u00f3moda: \u201clos productores est\u00e1n dejando dinero en el campo, literalmente\u201d. Su an\u00e1lisis parti\u00f3 de una afirmaci\u00f3n que redefine las prioridades del manejo: \u00abNo se trata de producir m\u00e1s pasto, sino de aprovechar mejor lo que tenemos\u00bb.<\/p><p>Para ilustrar la magnitud del problema, la especialista contrast\u00f3 el potencial productivo de una pastura, que puede alcanzar los 3620 kg de Materia Seca por hect\u00e1rea (kgMS\/ha), con la cruda realidad del aprovechamiento animal. Los datos son reveladores:<\/p><p>\u2022 Aprovechamiento: Apenas un 40% del pasto disponible es efectivamente consumido.<\/p><p>\u2022 Remanente (p\u00e9rdida): Un alarmante 60% del forraje queda en el campo sin ser cosechado.<\/p><p>Esta brecha representa una p\u00e9rdida directa y cuantificable. Como sentenci\u00f3 Brance Bonvini, \u00abCada kilo de materia seca que se pierde\u2026 es plata que no vuelve\u00bb. El impacto econ\u00f3mico de esta ineficiencia se traduce en cifras contundentes: los 2172 kgMS\/ha que quedan en el lote, considerando que en sistemas lecheros 1 kgMS equivale a 1 litro de leche, representan una p\u00e9rdida potencial de 2172 litros. Con un precio de la leche de 0,34 USD por litro, el costo de no cosechar ese forraje asciende a 407 USD por hect\u00e1rea.&nbsp;<\/p><p>Una vez entendido el costo real de esta ineficiencia, es fundamental conocer las estrategias de manejo que permiten cerrar esa brecha y transformar las p\u00e9rdidas en ganancias.<\/p><figure class=\"wp-block-gallery has-nested-images columns-default is-cropped wp-block-gallery-2 is-layout-flex wp-block-gallery-is-layout-flex\"><figure class=\"wp-block-image size-large\"><a href=\"https:\/\/expoalfa.com.ar\/alfalfa\/wp-content\/uploads\/2025\/10\/Captura-de-pantalla-2025-10-19-094712.png\"><img loading=\"lazy\" decoding=\"async\" width=\"862\" height=\"483\" data-id=\"8837\" src=\"https:\/\/expoalfa.com.ar\/alfalfa\/wp-content\/uploads\/2025\/10\/Captura-de-pantalla-2025-10-19-094712.png\" alt=\"\" class=\"wp-image-8837\" srcset=\"https:\/\/expoalfa.com.ar\/alfalfa\/wp-content\/uploads\/2025\/10\/Captura-de-pantalla-2025-10-19-094712.png 862w, https:\/\/expoalfa.com.ar\/alfalfa\/wp-content\/uploads\/2025\/10\/Captura-de-pantalla-2025-10-19-094712-300x168.png 300w, https:\/\/expoalfa.com.ar\/alfalfa\/wp-content\/uploads\/2025\/10\/Captura-de-pantalla-2025-10-19-094712-768x430.png 768w, https:\/\/expoalfa.com.ar\/alfalfa\/wp-content\/uploads\/2025\/10\/Captura-de-pantalla-2025-10-19-094712-600x336.png 600w\" sizes=\"(max-width: 862px) 100vw, 862px\" \/><\/a><\/figure>\n\n<figure class=\"wp-block-image size-large\"><a href=\"https:\/\/expoalfa.com.ar\/alfalfa\/wp-content\/uploads\/2025\/10\/Captura-de-pantalla-2025-10-19-094720.png\"><img loading=\"lazy\" decoding=\"async\" width=\"861\" height=\"486\" data-id=\"8838\" src=\"https:\/\/expoalfa.com.ar\/alfalfa\/wp-content\/uploads\/2025\/10\/Captura-de-pantalla-2025-10-19-094720.png\" alt=\"\" class=\"wp-image-8838\" srcset=\"https:\/\/expoalfa.com.ar\/alfalfa\/wp-content\/uploads\/2025\/10\/Captura-de-pantalla-2025-10-19-094720.png 861w, https:\/\/expoalfa.com.ar\/alfalfa\/wp-content\/uploads\/2025\/10\/Captura-de-pantalla-2025-10-19-094720-300x169.png 300w, https:\/\/expoalfa.com.ar\/alfalfa\/wp-content\/uploads\/2025\/10\/Captura-de-pantalla-2025-10-19-094720-768x434.png 768w, https:\/\/expoalfa.com.ar\/alfalfa\/wp-content\/uploads\/2025\/10\/Captura-de-pantalla-2025-10-19-094720-600x339.png 600w\" sizes=\"(max-width: 861px) 100vw, 861px\" \/><\/a><\/figure><\/figure><p class=\"has-medium-font-size\"><strong>Manejo estrat\u00e9gico: La clave para capitalizar el forraje existente<\/strong><\/p><p>Ajustar las pr\u00e1cticas de pastoreo seg\u00fan la \u00e9poca del a\u00f1o es una de las herramientas m\u00e1s poderosas para mejorar tanto la calidad del forraje cosechado como la persistencia de la pastura. Un manejo estacional diferenciado permite responder a las necesidades fisiol\u00f3gicas de la planta y maximizar el rendimiento del sistema.<\/p><p><strong>Estrategias para la primavera<\/strong><\/p><p>Durante la primavera, los fotoper\u00edodos crecientes (d\u00edas m\u00e1s largos) env\u00edan una se\u00f1al a la planta para que priorice el crecimiento vegetativo. En esta etapa, el objetivo es maximizar la calidad del forraje y la eficiencia de cosecha. Las recomendaciones son claras:<\/p><figure class=\"wp-block-gallery has-nested-images columns-default is-cropped wp-block-gallery-3 is-layout-flex wp-block-gallery-is-layout-flex\"><figure class=\"wp-block-image size-large\"><a href=\"https:\/\/expoalfa.com.ar\/alfalfa\/wp-content\/uploads\/2025\/10\/Captura-de-pantalla-2025-10-19-094732.png\"><img loading=\"lazy\" decoding=\"async\" width=\"860\" height=\"483\" data-id=\"8839\" src=\"https:\/\/expoalfa.com.ar\/alfalfa\/wp-content\/uploads\/2025\/10\/Captura-de-pantalla-2025-10-19-094732.png\" alt=\"\" class=\"wp-image-8839\" srcset=\"https:\/\/expoalfa.com.ar\/alfalfa\/wp-content\/uploads\/2025\/10\/Captura-de-pantalla-2025-10-19-094732.png 860w, https:\/\/expoalfa.com.ar\/alfalfa\/wp-content\/uploads\/2025\/10\/Captura-de-pantalla-2025-10-19-094732-300x168.png 300w, https:\/\/expoalfa.com.ar\/alfalfa\/wp-content\/uploads\/2025\/10\/Captura-de-pantalla-2025-10-19-094732-768x431.png 768w, https:\/\/expoalfa.com.ar\/alfalfa\/wp-content\/uploads\/2025\/10\/Captura-de-pantalla-2025-10-19-094732-600x337.png 600w\" sizes=\"(max-width: 860px) 100vw, 860px\" \/><\/a><\/figure><\/figure><p><strong>T\u00e1cticas para el oto\u00f1o<\/strong><\/p><p>En oto\u00f1o, la estrategia cambia radicalmente. Los fotoper\u00edodos decrecientes (d\u00edas m\u00e1s cortos) indican a la planta que debe prepararse para el invierno, desplazando el foco hacia la acumulaci\u00f3n de reservas en las ra\u00edces para asegurar su supervivencia y el rebrote de la siguiente temporada.<\/p><figure class=\"wp-block-gallery has-nested-images columns-default is-cropped wp-block-gallery-4 is-layout-flex wp-block-gallery-is-layout-flex\"><figure class=\"wp-block-image size-large\"><a href=\"https:\/\/expoalfa.com.ar\/alfalfa\/wp-content\/uploads\/2025\/10\/Captura-de-pantalla-2025-10-19-094738.png\"><img loading=\"lazy\" decoding=\"async\" width=\"860\" height=\"483\" data-id=\"8840\" src=\"https:\/\/expoalfa.com.ar\/alfalfa\/wp-content\/uploads\/2025\/10\/Captura-de-pantalla-2025-10-19-094738.png\" alt=\"\" class=\"wp-image-8840\" srcset=\"https:\/\/expoalfa.com.ar\/alfalfa\/wp-content\/uploads\/2025\/10\/Captura-de-pantalla-2025-10-19-094738.png 860w, https:\/\/expoalfa.com.ar\/alfalfa\/wp-content\/uploads\/2025\/10\/Captura-de-pantalla-2025-10-19-094738-300x168.png 300w, https:\/\/expoalfa.com.ar\/alfalfa\/wp-content\/uploads\/2025\/10\/Captura-de-pantalla-2025-10-19-094738-768x431.png 768w, https:\/\/expoalfa.com.ar\/alfalfa\/wp-content\/uploads\/2025\/10\/Captura-de-pantalla-2025-10-19-094738-600x337.png 600w\" sizes=\"(max-width: 860px) 100vw, 860px\" \/><\/a><\/figure><\/figure><p>Junto con el manejo estacional, la selecci\u00f3n gen\u00e9tica se presenta como otro pilar fundamental para optimizar el pastoreo.<\/p><p class=\"has-medium-font-size\"><strong>Gen\u00e9tica y medici\u00f3n: \u00abDato mata relato\u00bb en la gesti\u00f3n del pastoreo<\/strong><\/p><p>La agricultura moderna exige pasar de la estimaci\u00f3n subjetiva a una gesti\u00f3n basada en datos concretos. La tecnolog\u00eda y la selecci\u00f3n gen\u00e9tica ofrecen herramientas precisas para lograrlo.&nbsp;<\/p><p>La elecci\u00f3n del cultivar de alfalfa no es un detalle menor, pues existe una diferencia sustancial entre aquellos seleccionados bajo corte y los adaptados al pastoreo directo. Los cultivares de pastoreo ofrecen ventajas claras:<\/p><p>\u2022 Menor remanente post-pastoreo<\/p><p>\u2022 Mejor capacidad de rebrote basal<\/p><p>\u2022 Mayor aprovechamiento por parte del animal<\/p><p>\u2022 Porte postrado que protege la corona de la planta<\/p><p>\u2022 Mayor cobertura del suelo<\/p><p>\u2022 Menor incidencia y competencia de malezas<\/p><p>Para tomar decisiones informadas, es indispensable medir. Brance Bonvini enfatiz\u00f3 que existe una herramienta para cada necesidad y presupuesto, desde m\u00e9todos directos y de bajo costo hasta tecnolog\u00edas indirectas de alta precisi\u00f3n, guiadas por la m\u00e1xima: \u00abLO QUE SE MIDE, SE PUEDE MEJORAR\u00bb.<\/p><figure class=\"wp-block-gallery has-nested-images columns-default is-cropped wp-block-gallery-5 is-layout-flex wp-block-gallery-is-layout-flex\"><figure class=\"wp-block-image size-large\"><a href=\"https:\/\/expoalfa.com.ar\/alfalfa\/wp-content\/uploads\/2025\/10\/Captura-de-pantalla-2025-10-19-094753.png\"><img loading=\"lazy\" decoding=\"async\" width=\"860\" height=\"484\" data-id=\"8841\" src=\"https:\/\/expoalfa.com.ar\/alfalfa\/wp-content\/uploads\/2025\/10\/Captura-de-pantalla-2025-10-19-094753.png\" alt=\"\" class=\"wp-image-8841\" srcset=\"https:\/\/expoalfa.com.ar\/alfalfa\/wp-content\/uploads\/2025\/10\/Captura-de-pantalla-2025-10-19-094753.png 860w, https:\/\/expoalfa.com.ar\/alfalfa\/wp-content\/uploads\/2025\/10\/Captura-de-pantalla-2025-10-19-094753-300x169.png 300w, https:\/\/expoalfa.com.ar\/alfalfa\/wp-content\/uploads\/2025\/10\/Captura-de-pantalla-2025-10-19-094753-768x432.png 768w, https:\/\/expoalfa.com.ar\/alfalfa\/wp-content\/uploads\/2025\/10\/Captura-de-pantalla-2025-10-19-094753-600x338.png 600w\" sizes=\"(max-width: 860px) 100vw, 860px\" \/><\/a><\/figure>\n\n<figure class=\"wp-block-image size-large\"><a href=\"https:\/\/expoalfa.com.ar\/alfalfa\/wp-content\/uploads\/2025\/10\/Captura-de-pantalla-2025-10-19-094758.png\"><img loading=\"lazy\" decoding=\"async\" width=\"856\" height=\"483\" data-id=\"8842\" src=\"https:\/\/expoalfa.com.ar\/alfalfa\/wp-content\/uploads\/2025\/10\/Captura-de-pantalla-2025-10-19-094758.png\" alt=\"\" class=\"wp-image-8842\" srcset=\"https:\/\/expoalfa.com.ar\/alfalfa\/wp-content\/uploads\/2025\/10\/Captura-de-pantalla-2025-10-19-094758.png 856w, https:\/\/expoalfa.com.ar\/alfalfa\/wp-content\/uploads\/2025\/10\/Captura-de-pantalla-2025-10-19-094758-300x169.png 300w, https:\/\/expoalfa.com.ar\/alfalfa\/wp-content\/uploads\/2025\/10\/Captura-de-pantalla-2025-10-19-094758-768x433.png 768w, https:\/\/expoalfa.com.ar\/alfalfa\/wp-content\/uploads\/2025\/10\/Captura-de-pantalla-2025-10-19-094758-600x339.png 600w\" sizes=\"(max-width: 856px) 100vw, 856px\" \/><\/a><\/figure>\n\n<figure class=\"wp-block-image size-large\"><a href=\"https:\/\/expoalfa.com.ar\/alfalfa\/wp-content\/uploads\/2025\/10\/Captura-de-pantalla-2025-10-19-094805.png\"><img loading=\"lazy\" decoding=\"async\" width=\"865\" height=\"487\" data-id=\"8843\" src=\"https:\/\/expoalfa.com.ar\/alfalfa\/wp-content\/uploads\/2025\/10\/Captura-de-pantalla-2025-10-19-094805.png\" alt=\"\" class=\"wp-image-8843\" srcset=\"https:\/\/expoalfa.com.ar\/alfalfa\/wp-content\/uploads\/2025\/10\/Captura-de-pantalla-2025-10-19-094805.png 865w, https:\/\/expoalfa.com.ar\/alfalfa\/wp-content\/uploads\/2025\/10\/Captura-de-pantalla-2025-10-19-094805-300x169.png 300w, https:\/\/expoalfa.com.ar\/alfalfa\/wp-content\/uploads\/2025\/10\/Captura-de-pantalla-2025-10-19-094805-768x432.png 768w, https:\/\/expoalfa.com.ar\/alfalfa\/wp-content\/uploads\/2025\/10\/Captura-de-pantalla-2025-10-19-094805-600x338.png 600w\" sizes=\"(max-width: 865px) 100vw, 865px\" \/><\/a><\/figure><\/figure><p>El uso combinado de estas herramientas permite ajustar el manejo en tiempo real, optimizando el uso del recurso forrajero para tomar decisiones informadas.<\/p><p>La clave para una mayor rentabilidad en los sistemas lecheros no reside en el desaf\u00edo de producir m\u00e1s, sino en la disciplina de cosechar de manera eficiente el forraje que ya est\u00e1 disponible.\u00a0<\/p><p>Aplicando un manejo estacional estrat\u00e9gico, eligiendo la gen\u00e9tica adecuada y utilizando herramientas de medici\u00f3n para tomar decisiones basadas en datos, los productores pueden dejar de contar lo que pierden y empezar a medir lo que ganan, convirtiendo el pasto no cosechado de una p\u00e9rdida invisible en el motor tangible de una ganader\u00eda m\u00e1s rentable y resiliente.<\/p>","protected":false},"excerpt":{"rendered":"<p>In\u00e9s Brance Bonivini es especialista en pasturas y brind\u00f3 claves para maximizar la eficiencia en pasturas de alfalfa. \u00abNo se trata de producir m\u00e1s pasto, sino de aprovechar mejor lo que tenemos\u00bb, asegur\u00f3 la ingeniera ante el auditorio.<\/p>\n","protected":false},"author":2,"featured_media":0,"comment_status":"open","ping_status":"open","sticky":false,"template":"","format":"standard","meta":{"footnotes":""},"categories":[98],"tags":[11,143,10,9,162,161,7,8],"class_list":["post-8830","post","type-post","status-publish","format-standard","hentry","category-jornada-expoalfa","tag-alfalfa","tag-expoalfa-cordoba","tag-forrajes","tag-heno","tag-ines-brance-bonvini","tag-jornadas-nacionales-de-alfalfa","tag-novedades","tag-produccion"],"yoast_head":"<!-- This site is optimized with the Yoast SEO plugin v25.1 - https:\/\/yoast.com\/wordpress\/plugins\/seo\/ -->\n<title>\u00bfProducir m\u00e1s o ser m\u00e1s eficientes? - ExpoAlfa Jornada 2025<\/title>\n<meta name=\"robots\" content=\"index, follow, max-snippet:-1, max-image-preview:large, max-video-preview:-1\" \/>\n<link rel=\"canonical\" href=\"https:\/\/expoalfa.com.ar\/alfalfa\/producir-mas-o-ser-mas-eficientes\/\" \/>\n<meta property=\"og:locale\" content=\"es_ES\" \/>\n<meta property=\"og:type\" content=\"article\" \/>\n<meta property=\"og:title\" content=\"\u00bfProducir m\u00e1s o ser m\u00e1s eficientes? - ExpoAlfa Jornada 2025\" \/>\n<meta property=\"og:description\" content=\"In\u00e9s Brance Bonivini es especialista en pasturas y brind\u00f3 claves para maximizar la eficiencia en pasturas de alfalfa. &quot;No se trata de producir m\u00e1s pasto, sino de aprovechar mejor lo que tenemos&quot;, asegur\u00f3 la ingeniera ante el auditorio.\" \/>\n<meta property=\"og:url\" content=\"https:\/\/expoalfa.com.ar\/alfalfa\/producir-mas-o-ser-mas-eficientes\/\" \/>\n<meta property=\"og:site_name\" content=\"ExpoAlfa Jornada 2025\" \/>\n<meta property=\"article:publisher\" content=\"https:\/\/www.facebook.com\/expoalfa\/\" \/>\n<meta property=\"article:published_time\" content=\"2025-10-19T13:20:29+00:00\" \/>\n<meta property=\"article:modified_time\" content=\"2025-10-19T13:20:31+00:00\" \/>\n<meta property=\"og:image\" content=\"https:\/\/expoalfa.com.ar\/alfalfa\/wp-content\/uploads\/2025\/10\/Captura-de-pantalla-2025-10-19-094635.png\" \/>\n\t<meta property=\"og:image:width\" content=\"860\" \/>\n\t<meta property=\"og:image:height\" content=\"477\" \/>\n\t<meta property=\"og:image:type\" content=\"image\/png\" \/>\n<meta name=\"author\" content=\"c1381075\" \/>\n<meta name=\"twitter:card\" content=\"summary_large_image\" \/>\n<meta name=\"twitter:label1\" content=\"Escrito por\" \/>\n\t<meta name=\"twitter:data1\" content=\"c1381075\" \/>\n\t<meta name=\"twitter:label2\" content=\"Tiempo de lectura\" \/>\n\t<meta name=\"twitter:data2\" content=\"4 minutos\" \/>\n<script type=\"application\/ld+json\" class=\"yoast-schema-graph\">{\"@context\":\"https:\/\/schema.org\",\"@graph\":[{\"@type\":\"Article\",\"@id\":\"https:\/\/expoalfa.com.ar\/alfalfa\/producir-mas-o-ser-mas-eficientes\/#article\",\"isPartOf\":{\"@id\":\"https:\/\/expoalfa.com.ar\/alfalfa\/producir-mas-o-ser-mas-eficientes\/\"},\"author\":{\"name\":\"c1381075\",\"@id\":\"https:\/\/expoalfa.com.ar\/alfalfa\/#\/schema\/person\/60508db5a29f1787249735fb7f395e69\"},\"headline\":\"\u00bfProducir m\u00e1s o ser m\u00e1s eficientes?\",\"datePublished\":\"2025-10-19T13:20:29+00:00\",\"dateModified\":\"2025-10-19T13:20:31+00:00\",\"mainEntityOfPage\":{\"@id\":\"https:\/\/expoalfa.com.ar\/alfalfa\/producir-mas-o-ser-mas-eficientes\/\"},\"wordCount\":842,\"commentCount\":0,\"publisher\":{\"@id\":\"https:\/\/expoalfa.com.ar\/alfalfa\/#organization\"},\"image\":{\"@id\":\"https:\/\/expoalfa.com.ar\/alfalfa\/producir-mas-o-ser-mas-eficientes\/#primaryimage\"},\"thumbnailUrl\":\"https:\/\/expoalfa.com.ar\/alfalfa\/wp-content\/uploads\/2025\/10\/Captura-de-pantalla-2025-10-19-094635.png\",\"keywords\":[\"Alfalfa\",\"ExpoAlfa C\u00f3rdoba\",\"Forrajes\",\"Heno\",\"In\u00e9s Brance Bonvini\",\"Jornadas Nacionales de Alfalfa\",\"Novedades\",\"Producci\u00f3n\"],\"articleSection\":[\"Jornada ExpoAlfa\"],\"inLanguage\":\"es\",\"potentialAction\":[{\"@type\":\"CommentAction\",\"name\":\"Comment\",\"target\":[\"https:\/\/expoalfa.com.ar\/alfalfa\/producir-mas-o-ser-mas-eficientes\/#respond\"]}]},{\"@type\":\"WebPage\",\"@id\":\"https:\/\/expoalfa.com.ar\/alfalfa\/producir-mas-o-ser-mas-eficientes\/\",\"url\":\"https:\/\/expoalfa.com.ar\/alfalfa\/producir-mas-o-ser-mas-eficientes\/\",\"name\":\"\u00bfProducir m\u00e1s o ser m\u00e1s eficientes? - ExpoAlfa Jornada 2025\",\"isPartOf\":{\"@id\":\"https:\/\/expoalfa.com.ar\/alfalfa\/#website\"},\"primaryImageOfPage\":{\"@id\":\"https:\/\/expoalfa.com.ar\/alfalfa\/producir-mas-o-ser-mas-eficientes\/#primaryimage\"},\"image\":{\"@id\":\"https:\/\/expoalfa.com.ar\/alfalfa\/producir-mas-o-ser-mas-eficientes\/#primaryimage\"},\"thumbnailUrl\":\"https:\/\/expoalfa.com.ar\/alfalfa\/wp-content\/uploads\/2025\/10\/Captura-de-pantalla-2025-10-19-094635.png\",\"datePublished\":\"2025-10-19T13:20:29+00:00\",\"dateModified\":\"2025-10-19T13:20:31+00:00\",\"breadcrumb\":{\"@id\":\"https:\/\/expoalfa.com.ar\/alfalfa\/producir-mas-o-ser-mas-eficientes\/#breadcrumb\"},\"inLanguage\":\"es\",\"potentialAction\":[{\"@type\":\"ReadAction\",\"target\":[\"https:\/\/expoalfa.com.ar\/alfalfa\/producir-mas-o-ser-mas-eficientes\/\"]}]},{\"@type\":\"ImageObject\",\"inLanguage\":\"es\",\"@id\":\"https:\/\/expoalfa.com.ar\/alfalfa\/producir-mas-o-ser-mas-eficientes\/#primaryimage\",\"url\":\"https:\/\/expoalfa.com.ar\/alfalfa\/wp-content\/uploads\/2025\/10\/Captura-de-pantalla-2025-10-19-094635.png\",\"contentUrl\":\"https:\/\/expoalfa.com.ar\/alfalfa\/wp-content\/uploads\/2025\/10\/Captura-de-pantalla-2025-10-19-094635.png\",\"width\":860,\"height\":477},{\"@type\":\"BreadcrumbList\",\"@id\":\"https:\/\/expoalfa.com.ar\/alfalfa\/producir-mas-o-ser-mas-eficientes\/#breadcrumb\",\"itemListElement\":[{\"@type\":\"ListItem\",\"position\":1,\"name\":\"Portada\",\"item\":\"https:\/\/expoalfa.com.ar\/alfalfa\/\"},{\"@type\":\"ListItem\",\"position\":2,\"name\":\"\u00bfProducir m\u00e1s o ser m\u00e1s eficientes?\"}]},{\"@type\":\"WebSite\",\"@id\":\"https:\/\/expoalfa.com.ar\/alfalfa\/#website\",\"url\":\"https:\/\/expoalfa.com.ar\/alfalfa\/\",\"name\":\"ExpoAlfa 2024\",\"description\":\"\",\"publisher\":{\"@id\":\"https:\/\/expoalfa.com.ar\/alfalfa\/#organization\"},\"potentialAction\":[{\"@type\":\"SearchAction\",\"target\":{\"@type\":\"EntryPoint\",\"urlTemplate\":\"https:\/\/expoalfa.com.ar\/alfalfa\/?s={search_term_string}\"},\"query-input\":{\"@type\":\"PropertyValueSpecification\",\"valueRequired\":true,\"valueName\":\"search_term_string\"}}],\"inLanguage\":\"es\"},{\"@type\":\"Organization\",\"@id\":\"https:\/\/expoalfa.com.ar\/alfalfa\/#organization\",\"name\":\"ExpoAlfa 2024\",\"url\":\"https:\/\/expoalfa.com.ar\/alfalfa\/\",\"logo\":{\"@type\":\"ImageObject\",\"inLanguage\":\"es\",\"@id\":\"https:\/\/expoalfa.com.ar\/alfalfa\/#\/schema\/logo\/image\/\",\"url\":\"https:\/\/expoalfa.com.ar\/alfalfa\/wp-content\/uploads\/2024\/05\/cropped-Mesa-de-trabajo-32-e1716558195280.png\",\"contentUrl\":\"https:\/\/expoalfa.com.ar\/alfalfa\/wp-content\/uploads\/2024\/05\/cropped-Mesa-de-trabajo-32-e1716558195280.png\",\"width\":512,\"height\":512,\"caption\":\"ExpoAlfa 2024\"},\"image\":{\"@id\":\"https:\/\/expoalfa.com.ar\/alfalfa\/#\/schema\/logo\/image\/\"},\"sameAs\":[\"https:\/\/www.facebook.com\/expoalfa\/\",\"https:\/\/www.instagram.com\/expoalfa\",\"https:\/\/www.youtube.com\/@TodoAlfalfa\"]},{\"@type\":\"Person\",\"@id\":\"https:\/\/expoalfa.com.ar\/alfalfa\/#\/schema\/person\/60508db5a29f1787249735fb7f395e69\",\"name\":\"c1381075\",\"image\":{\"@type\":\"ImageObject\",\"inLanguage\":\"es\",\"@id\":\"https:\/\/expoalfa.com.ar\/alfalfa\/#\/schema\/person\/image\/\",\"url\":\"https:\/\/secure.gravatar.com\/avatar\/53d9cdf8eef2f7ba8c38ed47b72c54cf5395a169ee26ff1592cae5aea669a0d3?s=96&d=mm&r=g\",\"contentUrl\":\"https:\/\/secure.gravatar.com\/avatar\/53d9cdf8eef2f7ba8c38ed47b72c54cf5395a169ee26ff1592cae5aea669a0d3?s=96&d=mm&r=g\",\"caption\":\"c1381075\"},\"url\":\"https:\/\/expoalfa.com.ar\/alfalfa\/author\/c1381075\/\"}]}<\/script>\n<!-- \/ Yoast SEO plugin. -->","yoast_head_json":{"title":"\u00bfProducir m\u00e1s o ser m\u00e1s eficientes? - ExpoAlfa Jornada 2025","robots":{"index":"index","follow":"follow","max-snippet":"max-snippet:-1","max-image-preview":"max-image-preview:large","max-video-preview":"max-video-preview:-1"},"canonical":"https:\/\/expoalfa.com.ar\/alfalfa\/producir-mas-o-ser-mas-eficientes\/","og_locale":"es_ES","og_type":"article","og_title":"\u00bfProducir m\u00e1s o ser m\u00e1s eficientes? - ExpoAlfa Jornada 2025","og_description":"In\u00e9s Brance Bonivini es especialista en pasturas y brind\u00f3 claves para maximizar la eficiencia en pasturas de alfalfa. \"No se trata de producir m\u00e1s pasto, sino de aprovechar mejor lo que tenemos\", asegur\u00f3 la ingeniera ante el auditorio.","og_url":"https:\/\/expoalfa.com.ar\/alfalfa\/producir-mas-o-ser-mas-eficientes\/","og_site_name":"ExpoAlfa Jornada 2025","article_publisher":"https:\/\/www.facebook.com\/expoalfa\/","article_published_time":"2025-10-19T13:20:29+00:00","article_modified_time":"2025-10-19T13:20:31+00:00","og_image":[{"width":860,"height":477,"url":"https:\/\/expoalfa.com.ar\/alfalfa\/wp-content\/uploads\/2025\/10\/Captura-de-pantalla-2025-10-19-094635.png","type":"image\/png"}],"author":"c1381075","twitter_card":"summary_large_image","twitter_misc":{"Escrito por":"c1381075","Tiempo de lectura":"4 minutos"},"schema":{"@context":"https:\/\/schema.org","@graph":[{"@type":"Article","@id":"https:\/\/expoalfa.com.ar\/alfalfa\/producir-mas-o-ser-mas-eficientes\/#article","isPartOf":{"@id":"https:\/\/expoalfa.com.ar\/alfalfa\/producir-mas-o-ser-mas-eficientes\/"},"author":{"name":"c1381075","@id":"https:\/\/expoalfa.com.ar\/alfalfa\/#\/schema\/person\/60508db5a29f1787249735fb7f395e69"},"headline":"\u00bfProducir m\u00e1s o ser m\u00e1s eficientes?","datePublished":"2025-10-19T13:20:29+00:00","dateModified":"2025-10-19T13:20:31+00:00","mainEntityOfPage":{"@id":"https:\/\/expoalfa.com.ar\/alfalfa\/producir-mas-o-ser-mas-eficientes\/"},"wordCount":842,"commentCount":0,"publisher":{"@id":"https:\/\/expoalfa.com.ar\/alfalfa\/#organization"},"image":{"@id":"https:\/\/expoalfa.com.ar\/alfalfa\/producir-mas-o-ser-mas-eficientes\/#primaryimage"},"thumbnailUrl":"https:\/\/expoalfa.com.ar\/alfalfa\/wp-content\/uploads\/2025\/10\/Captura-de-pantalla-2025-10-19-094635.png","keywords":["Alfalfa","ExpoAlfa C\u00f3rdoba","Forrajes","Heno","In\u00e9s Brance Bonvini","Jornadas Nacionales de Alfalfa","Novedades","Producci\u00f3n"],"articleSection":["Jornada ExpoAlfa"],"inLanguage":"es","potentialAction":[{"@type":"CommentAction","name":"Comment","target":["https:\/\/expoalfa.com.ar\/alfalfa\/producir-mas-o-ser-mas-eficientes\/#respond"]}]},{"@type":"WebPage","@id":"https:\/\/expoalfa.com.ar\/alfalfa\/producir-mas-o-ser-mas-eficientes\/","url":"https:\/\/expoalfa.com.ar\/alfalfa\/producir-mas-o-ser-mas-eficientes\/","name":"\u00bfProducir m\u00e1s o ser m\u00e1s eficientes? - ExpoAlfa Jornada 2025","isPartOf":{"@id":"https:\/\/expoalfa.com.ar\/alfalfa\/#website"},"primaryImageOfPage":{"@id":"https:\/\/expoalfa.com.ar\/alfalfa\/producir-mas-o-ser-mas-eficientes\/#primaryimage"},"image":{"@id":"https:\/\/expoalfa.com.ar\/alfalfa\/producir-mas-o-ser-mas-eficientes\/#primaryimage"},"thumbnailUrl":"https:\/\/expoalfa.com.ar\/alfalfa\/wp-content\/uploads\/2025\/10\/Captura-de-pantalla-2025-10-19-094635.png","datePublished":"2025-10-19T13:20:29+00:00","dateModified":"2025-10-19T13:20:31+00:00","breadcrumb":{"@id":"https:\/\/expoalfa.com.ar\/alfalfa\/producir-mas-o-ser-mas-eficientes\/#breadcrumb"},"inLanguage":"es","potentialAction":[{"@type":"ReadAction","target":["https:\/\/expoalfa.com.ar\/alfalfa\/producir-mas-o-ser-mas-eficientes\/"]}]},{"@type":"ImageObject","inLanguage":"es","@id":"https:\/\/expoalfa.com.ar\/alfalfa\/producir-mas-o-ser-mas-eficientes\/#primaryimage","url":"https:\/\/expoalfa.com.ar\/alfalfa\/wp-content\/uploads\/2025\/10\/Captura-de-pantalla-2025-10-19-094635.png","contentUrl":"https:\/\/expoalfa.com.ar\/alfalfa\/wp-content\/uploads\/2025\/10\/Captura-de-pantalla-2025-10-19-094635.png","width":860,"height":477},{"@type":"BreadcrumbList","@id":"https:\/\/expoalfa.com.ar\/alfalfa\/producir-mas-o-ser-mas-eficientes\/#breadcrumb","itemListElement":[{"@type":"ListItem","position":1,"name":"Portada","item":"https:\/\/expoalfa.com.ar\/alfalfa\/"},{"@type":"ListItem","position":2,"name":"\u00bfProducir m\u00e1s o ser m\u00e1s eficientes?"}]},{"@type":"WebSite","@id":"https:\/\/expoalfa.com.ar\/alfalfa\/#website","url":"https:\/\/expoalfa.com.ar\/alfalfa\/","name":"ExpoAlfa 2024","description":"","publisher":{"@id":"https:\/\/expoalfa.com.ar\/alfalfa\/#organization"},"potentialAction":[{"@type":"SearchAction","target":{"@type":"EntryPoint","urlTemplate":"https:\/\/expoalfa.com.ar\/alfalfa\/?s={search_term_string}"},"query-input":{"@type":"PropertyValueSpecification","valueRequired":true,"valueName":"search_term_string"}}],"inLanguage":"es"},{"@type":"Organization","@id":"https:\/\/expoalfa.com.ar\/alfalfa\/#organization","name":"ExpoAlfa 2024","url":"https:\/\/expoalfa.com.ar\/alfalfa\/","logo":{"@type":"ImageObject","inLanguage":"es","@id":"https:\/\/expoalfa.com.ar\/alfalfa\/#\/schema\/logo\/image\/","url":"https:\/\/expoalfa.com.ar\/alfalfa\/wp-content\/uploads\/2024\/05\/cropped-Mesa-de-trabajo-32-e1716558195280.png","contentUrl":"https:\/\/expoalfa.com.ar\/alfalfa\/wp-content\/uploads\/2024\/05\/cropped-Mesa-de-trabajo-32-e1716558195280.png","width":512,"height":512,"caption":"ExpoAlfa 2024"},"image":{"@id":"https:\/\/expoalfa.com.ar\/alfalfa\/#\/schema\/logo\/image\/"},"sameAs":["https:\/\/www.facebook.com\/expoalfa\/","https:\/\/www.instagram.com\/expoalfa","https:\/\/www.youtube.com\/@TodoAlfalfa"]},{"@type":"Person","@id":"https:\/\/expoalfa.com.ar\/alfalfa\/#\/schema\/person\/60508db5a29f1787249735fb7f395e69","name":"c1381075","image":{"@type":"ImageObject","inLanguage":"es","@id":"https:\/\/expoalfa.com.ar\/alfalfa\/#\/schema\/person\/image\/","url":"https:\/\/secure.gravatar.com\/avatar\/53d9cdf8eef2f7ba8c38ed47b72c54cf5395a169ee26ff1592cae5aea669a0d3?s=96&d=mm&r=g","contentUrl":"https:\/\/secure.gravatar.com\/avatar\/53d9cdf8eef2f7ba8c38ed47b72c54cf5395a169ee26ff1592cae5aea669a0d3?s=96&d=mm&r=g","caption":"c1381075"},"url":"https:\/\/expoalfa.com.ar\/alfalfa\/author\/c1381075\/"}]}},"jetpack_featured_media_url":"","_links":{"self":[{"href":"https:\/\/expoalfa.com.ar\/alfalfa\/wp-json\/wp\/v2\/posts\/8830","targetHints":{"allow":["GET"]}}],"collection":[{"href":"https:\/\/expoalfa.com.ar\/alfalfa\/wp-json\/wp\/v2\/posts"}],"about":[{"href":"https:\/\/expoalfa.com.ar\/alfalfa\/wp-json\/wp\/v2\/types\/post"}],"author":[{"embeddable":true,"href":"https:\/\/expoalfa.com.ar\/alfalfa\/wp-json\/wp\/v2\/users\/2"}],"replies":[{"embeddable":true,"href":"https:\/\/expoalfa.com.ar\/alfalfa\/wp-json\/wp\/v2\/comments?post=8830"}],"version-history":[{"count":1,"href":"https:\/\/expoalfa.com.ar\/alfalfa\/wp-json\/wp\/v2\/posts\/8830\/revisions"}],"predecessor-version":[{"id":8844,"href":"https:\/\/expoalfa.com.ar\/alfalfa\/wp-json\/wp\/v2\/posts\/8830\/revisions\/8844"}],"wp:attachment":[{"href":"https:\/\/expoalfa.com.ar\/alfalfa\/wp-json\/wp\/v2\/media?parent=8830"}],"wp:term":[{"taxonomy":"category","embeddable":true,"href":"https:\/\/expoalfa.com.ar\/alfalfa\/wp-json\/wp\/v2\/categories?post=8830"},{"taxonomy":"post_tag","embeddable":true,"href":"https:\/\/expoalfa.com.ar\/alfalfa\/wp-json\/wp\/v2\/tags?post=8830"}],"curies":[{"name":"wp","href":"https:\/\/api.w.org\/{rel}","templated":true}]}}